{"id":10011,"date":"2021-01-01T20:32:38","date_gmt":"2021-01-01T19:32:38","guid":{"rendered":"http:\/\/thibaultbazin.fr\/?p=10011"},"modified":"2022-07-07T19:52:54","modified_gmt":"2022-07-07T17:52:54","slug":"informations-pratiques-sur-le-couvre-feu-avance-a-partir-du-samedi-2-janvier-2021-a-18h","status":"publish","type":"post","link":"https:\/\/thibaultbazin.fr\/index.php\/2021\/01\/01\/informations-pratiques-sur-le-couvre-feu-avance-a-partir-du-samedi-2-janvier-2021-a-18h\/","title":{"rendered":"INFORMATIONS PRATIQUES SUR LE COUVRE-FEU AVANC\u00c9 \u00c0 PARTIR DU SAMEDI 2 JANVIER 2021 \u00c0 18H"},"content":{"rendered":"<p style=\"text-align: justify;\">Vous \u00eates nombreux \u00e0 m\u2019interroger depuis l\u2019annonce de l\u2019avancement du couvre-feu \u00e0 18h qui nous est impos\u00e9 (sans concertation ni nationale ni locale) dans notre D\u00e9partement de Meurthe-et-Moselle.<br \/>\n\u26a0\ufe0f Les motifs d\u00e9rogatoires de d\u00e9placement restent inchang\u00e9s d\u2019apr\u00e8s les derniers \u00e9l\u00e9ments communiqu\u00e9s par le gouvernement, \u00e0 savoir :<br \/>\n\ud83c\udfed D\u00e9placements entre le domicile et le lieu d\u2019exercice de l\u2019activit\u00e9 professionnelle ou le lieu \u200bd\u2019enseignement et de formation, d\u00e9placements professionnels ne pouvant \u00eatre diff\u00e9r\u00e9s<br \/>\n\ud83e\uddd1\u200d\u2695\ufe0f D\u00e9placements pour des consultations et soins ne pouvant \u00eatre assur\u00e9s \u00e0 distance et ne \u200bpouvant \u00eatre diff\u00e9r\u00e9s ou pour l\u2019achat de produits de sant\u00e9<br \/>\n\ud83d\udc75 D\u00e9placements pour motif familial imp\u00e9rieux, pour l\u2019assistance aux personnes vuln\u00e9rables \u200bou pr\u00e9caires ou pour la garde d\u2019enfants<br \/>\nD\u00e9placements des personnes en situation de handicap et de leur accompagnant<br \/>\n\ud83d\udc68\ud83c\udffb\u200d\u2696\ufe0f D\u00e9placements pour r\u00e9pondre \u00e0 une convocation judiciaire ou administrative<br \/>\n\ud83c\uddeb\ud83c\uddf7 D\u00e9placements pour participer \u00e0 des missions d\u2019int\u00e9r\u00eat g\u00e9n\u00e9ral sur demande de l\u2019autorit\u00e9 \u200badministrative<br \/>\n\ud83d\ude8a D\u00e9placements li\u00e9s \u00e0 des transits ferroviaires ou a\u00e9riens pour des d\u00e9placements de longues distances<br \/>\n\ud83d\udc36 D\u00e9placements brefs, dans un rayon maximal d\u2019un kilom\u00e8tre autour du domicile pour les \u200bbesoins des animaux de compagnie<br \/>\nVous devez sortir durant le couvre-feu ? Munissez-vous, selon votre situation, de l&rsquo;attestation de d\u00e9placement d\u00e9rogatoire, du justificatif de d\u00e9placement professionnel ou du justificatif de d\u00e9placement scolaire.<br \/>\nVoici le lien pour t\u00e9l\u00e9charger votre attestation d\u00e9rogatoire de d\u00e9placement pendant les horaires de couvre-feu \ud83d\udc49<a href=\"https:\/\/mobile.interieur.gouv.fr\/Actualites\/L-actu-du-Ministere\/Attestations-de-deplacement-couvre-feu?fbclid=IwAR20cGp9vaQkwaAhypGL2s3A_Vbo80X64F8oZLmgD9nhm5B_wJYXImvBluo\">https:\/\/mobile.interieur.gouv.fr\/Actualites\/L-actu-du-Ministere\/Attestations-de-deplacement-couvre-feu?fbclid=IwAR20cGp9vaQkwaAhypGL2s3A_Vbo80X64F8oZLmgD9nhm5B_wJYXImvBluo<\/a><br \/>\n\ud83d\udc42 Je continue \u00e0 me tenir \u00e0 votre \u00e9coute pour relayer aupr\u00e8s de l\u2019Etat les questions rest\u00e9es sans r\u00e9ponse \u00e0 ce jour avec ce couvre-feu avanc\u00e9 \u00e0 18h.<br \/>\n\ud83d\ude26 Je suis bien conscient de l\u2019incompr\u00e9hension que g\u00e9n\u00e8re cette d\u00e9cision arr\u00eat\u00e9e en conseil de d\u00e9fense organis\u00e9e par le pr\u00e9sident de la r\u00e9publique mardi.<br \/>\n\ud83d\udce7 Voici mon mail direct \ud83d\udc49 Thibault.bazin@assemblee-nationale.fr<\/p>\n<p><a href=\"https:\/\/thibaultbazin.fr\/wp-content\/uploads\/2021\/01\/134636602_1039336576540040_1787378976424258775_o.jpg\"><img decoding=\"async\" class=\"alignleft size-thumbnail wp-image-10019\" src=\"https:\/\/thibaultbazin.fr\/wp-content\/uploads\/2021\/01\/134636602_1039336576540040_1787378976424258775_o-150x150.jpg\" alt=\"\" width=\"150\" height=\"150\" \/><\/a> <a href=\"https:\/\/thibaultbazin.fr\/wp-content\/uploads\/2021\/01\/135194086_1039336596540038_468314364319299960_o.jpg\"><img decoding=\"async\" class=\"alignleft size-thumbnail wp-image-10018\" src=\"https:\/\/thibaultbazin.fr\/wp-content\/uploads\/2021\/01\/135194086_1039336596540038_468314364319299960_o-150x150.jpg\" alt=\"\" width=\"150\" height=\"150\" srcset=\"https:\/\/thibaultbazin.fr\/wp-content\/uploads\/2021\/01\/135194086_1039336596540038_468314364319299960_o-150x150.jpg 150w, https:\/\/thibaultbazin.fr\/wp-content\/uploads\/2021\/01\/135194086_1039336596540038_468314364319299960_o-300x300.jpg 300w, https:\/\/thibaultbazin.fr\/wp-content\/uploads\/2021\/01\/135194086_1039336596540038_468314364319299960_o-768x768.jpg 768w, https:\/\/thibaultbazin.fr\/wp-content\/uploads\/2021\/01\/135194086_1039336596540038_468314364319299960_o.jpg 1024w\" sizes=\"(max-width: 150px) 100vw, 150px\" \/><\/a> <a href=\"https:\/\/thibaultbazin.fr\/wp-content\/uploads\/2021\/01\/135479718_1039336613206703_1176645307344769434_o.jpg\"><img decoding=\"async\" class=\"alignleft size-thumbnail wp-image-10017\" src=\"https:\/\/thibaultbazin.fr\/wp-content\/uploads\/2021\/01\/135479718_1039336613206703_1176645307344769434_o-150x150.jpg\" alt=\"\" width=\"150\" height=\"150\" \/><\/a> <a href=\"https:\/\/thibaultbazin.fr\/wp-content\/uploads\/2021\/01\/135485575_1039336566540041_1255791463354067087_n.jpg\"><img loading=\"lazy\" decoding=\"async\" class=\"alignleft size-thumbnail wp-image-10016\" src=\"https:\/\/thibaultbazin.fr\/wp-content\/uploads\/2021\/01\/135485575_1039336566540041_1255791463354067087_n-150x150.jpg\" alt=\"\" width=\"150\" height=\"150\" srcset=\"https:\/\/thibaultbazin.fr\/wp-content\/uploads\/2021\/01\/135485575_1039336566540041_1255791463354067087_n-150x150.jpg 150w, https:\/\/thibaultbazin.fr\/wp-content\/uploads\/2021\/01\/135485575_1039336566540041_1255791463354067087_n-300x300.jpg 300w, https:\/\/thibaultbazin.fr\/wp-content\/uploads\/2021\/01\/135485575_1039336566540041_1255791463354067087_n.jpg 567w\" sizes=\"(max-width: 150px) 100vw, 150px\" \/><\/a> <a href=\"https:\/\/thibaultbazin.fr\/wp-content\/uploads\/2021\/01\/134642024_1039336553206709_6040162687491842338_n.jpg\"><img loading=\"lazy\" decoding=\"async\" class=\"alignleft size-thumbnail wp-image-10015\" src=\"https:\/\/thibaultbazin.fr\/wp-content\/uploads\/2021\/01\/134642024_1039336553206709_6040162687491842338_n-150x150.jpg\" alt=\"\" width=\"150\" height=\"150\" \/><\/a> <a href=\"https:\/\/thibaultbazin.fr\/wp-content\/uploads\/2021\/01\/134632680_1039336559873375_7932782931071042077_n.jpg\"><img loading=\"lazy\" decoding=\"async\" class=\"alignleft size-thumbnail wp-image-10014\" src=\"https:\/\/thibaultbazin.fr\/wp-content\/uploads\/2021\/01\/134632680_1039336559873375_7932782931071042077_n-150x150.jpg\" alt=\"\" width=\"150\" height=\"150\" \/><\/a> <a href=\"https:\/\/thibaultbazin.fr\/wp-content\/uploads\/2021\/01\/134712481_1039336653206699_4449050035619420062_o.jpg\"><img loading=\"lazy\" decoding=\"async\" class=\"alignleft size-thumbnail wp-image-10013\" src=\"https:\/\/thibaultbazin.fr\/wp-content\/uploads\/2021\/01\/134712481_1039336653206699_4449050035619420062_o-150x150.jpg\" alt=\"\" width=\"150\" height=\"150\" \/><\/a> <a href=\"https:\/\/thibaultbazin.fr\/wp-content\/uploads\/2021\/01\/134714569_1039336639873367_7399059280592142393_o.jpg\"><img loading=\"lazy\" decoding=\"async\" class=\"alignleft size-thumbnail wp-image-10012\" src=\"https:\/\/thibaultbazin.fr\/wp-content\/uploads\/2021\/01\/134714569_1039336639873367_7399059280592142393_o-150x150.jpg\" alt=\"\" width=\"150\" height=\"150\" \/><\/a><\/p>\n","protected":false},"excerpt":{"rendered":"<p>Vous \u00eates nombreux \u00e0 m\u2019interroger depuis l\u2019annonce de l\u2019avancement du couvre-feu \u00e0 18h qui nous est impos\u00e9 (sans concertation ni nationale ni locale) dans notre D\u00e9partement de Meurthe-et-Moselle. \u26a0\ufe0f Les motifs d\u00e9rogatoires de d\u00e9placement restent inchang\u00e9s d\u2019apr\u00e8s les derniers \u00e9l\u00e9ments communiqu\u00e9s par le gouvernement, \u00e0 savoir : \ud83c\udfed D\u00e9placements entre le domicile et le lieu&hellip; <br \/> <a class=\"button small blue\" href=\"https:\/\/thibaultbazin.fr\/index.php\/2021\/01\/01\/informations-pratiques-sur-le-couvre-feu-avance-a-partir-du-samedi-2-janvier-2021-a-18h\/\">Lire la suite<\/a><\/p>\n","protected":false},"author":2,"featured_media":0,"comment_status":"open","ping_status":"open","sticky":false,"template":"","format":"standard","meta":[],"categories":[1],"tags":[593],"amp_enabled":true,"_links":{"self":[{"href":"https:\/\/thibaultbazin.fr\/index.php\/wp-json\/wp\/v2\/posts\/10011"}],"collection":[{"href":"https:\/\/thibaultbazin.fr\/index.php\/wp-json\/wp\/v2\/posts"}],"about":[{"href":"https:\/\/thibaultbazin.fr\/index.php\/wp-json\/wp\/v2\/types\/post"}],"author":[{"embeddable":true,"href":"https:\/\/thibaultbazin.fr\/index.php\/wp-json\/wp\/v2\/users\/2"}],"replies":[{"embeddable":true,"href":"https:\/\/thibaultbazin.fr\/index.php\/wp-json\/wp\/v2\/comments?post=10011"}],"version-history":[{"count":1,"href":"https:\/\/thibaultbazin.fr\/index.php\/wp-json\/wp\/v2\/posts\/10011\/revisions"}],"predecessor-version":[{"id":10021,"href":"https:\/\/thibaultbazin.fr\/index.php\/wp-json\/wp\/v2\/posts\/10011\/revisions\/10021"}],"wp:attachment":[{"href":"https:\/\/thibaultbazin.fr\/index.php\/wp-json\/wp\/v2\/media?parent=10011"}],"wp:term":[{"taxonomy":"category","embeddable":true,"href":"https:\/\/thibaultbazin.fr\/index.php\/wp-json\/wp\/v2\/categories?post=10011"},{"taxonomy":"post_tag","embeddable":true,"href":"https:\/\/thibaultbazin.fr\/index.php\/wp-json\/wp\/v2\/tags?post=10011"}],"curies":[{"name":"wp","href":"https:\/\/api.w.org\/{rel}","templated":true}]}}