{"id":15791,"date":"2022-07-07T15:48:57","date_gmt":"2022-07-07T13:48:57","guid":{"rendered":"http:\/\/thibaultbazin.fr\/?p=15791"},"modified":"2023-04-06T16:07:28","modified_gmt":"2023-04-06T14:07:28","slug":"agenda-semaine-28-5","status":"publish","type":"post","link":"https:\/\/thibaultbazin.fr\/index.php\/2022\/07\/07\/agenda-semaine-28-5\/","title":{"rendered":"Agenda &#8211; Semaine 28 2022"},"content":{"rendered":"<table width=\"650\">\n<tbody>\n<tr>\n<td style=\"text-align: justify;\" width=\"217\">\n<p style=\"text-align: justify;\"><span style=\"font-size: 10pt;\"><strong><u>Lundi 11 Juillet 2022<\/u><\/strong><\/span><\/p>\n<\/td>\n<td style=\"text-align: justify;\" width=\"433\"><span style=\"font-size: 10pt;\"><strong>Matin <\/strong>\u2013 Rendez-vous particuliers \u2013 Permanence parlementaire Lun\u00e9ville<\/span><\/p>\n<p><span style=\"font-size: 10pt;\"><strong><em>TGV en direction de Paris<\/em><\/strong><\/span><br \/>\n<span style=\"font-size: 10pt;\"> <strong>16h00<\/strong> \u2013 Commission Projet de loi Pouvoir d\u2019achat\u00a0: examen des amendements \u2013 Assembl\u00e9e Nationale<\/span><\/p>\n<p><span style=\"font-size: 10pt;\"><strong>21h30<\/strong> \u2013 Commission Projet de loi Pouvoir d\u2019achat\u00a0: examen des amendements \u2013 Assembl\u00e9e Nationale<\/span><\/td>\n<\/tr>\n<tr style=\"text-align: justify;\">\n<td style=\"text-align: justify;\" width=\"217\"><span style=\"font-size: 10pt;\"><strong><u>Mardi 12 Juillet 2022<\/u><\/strong><\/span><\/td>\n<td style=\"text-align: justify;\" width=\"433\"><span style=\"font-size: 10pt;\"><strong>11h30<\/strong> \u2013 R\u00e9union de Groupe LR \u2013 Assembl\u00e9e Nationale<\/span><\/p>\n<p><span style=\"font-size: 10pt;\"><strong>15h00<\/strong> \u2013 Questions d\u2019actualit\u00e9 au gouvernement \u2013 Assembl\u00e9e Nationale<\/span><\/p>\n<p><span style=\"font-size: 10pt;\"><strong>21h30<\/strong> \u2013 Commission Projet de loi Pouvoir d\u2019achat\u00a0: examen des amendements \u2013 Assembl\u00e9e Nationale<\/span><\/td>\n<\/tr>\n<tr style=\"text-align: justify;\">\n<td style=\"text-align: justify;\" width=\"217\"><span style=\"font-size: 10pt;\"><strong><u>Mercredi 13 Juillet 2022<\/u><\/strong><\/span><\/td>\n<td style=\"text-align: justify;\" width=\"433\"><span style=\"font-size: 10pt;\"><strong>09h30<\/strong> \u2013 Commission Projet de loi Pouvoir d\u2019achat\u00a0: discussion g\u00e9n\u00e9rale \u2013 Assembl\u00e9e Nationale<\/span><\/p>\n<p><span style=\"font-size: 10pt;\"><strong><em>TGV retour en circonscription<\/em><\/strong><\/span><\/p>\n<p><span style=\"font-size: 10pt;\"><strong>19h00<\/strong> \u2013 C\u00e9r\u00e9monie de la F\u00eate Nationale &#8211; Lun\u00e9ville<\/span><\/td>\n<\/tr>\n<tr style=\"text-align: justify;\">\n<td style=\"text-align: justify;\" width=\"217\"><span style=\"font-size: 10pt;\"><strong><u>Jeudi 14 Juillet 2022<\/u><\/strong><\/span><\/td>\n<td style=\"text-align: justify;\" width=\"433\"><span style=\"font-size: 10pt;\"><strong>10h30 \u2013 <\/strong>C\u00e9r\u00e9monie de la F\u00eate Nationale &#8211; Baccarat<\/span><\/p>\n<p><span style=\"font-size: 10pt;\"><strong>18h00<\/strong> \u2013 Remise M\u00e9daille d\u2019honneur \u2013 Saint-Sauveur<\/span><\/td>\n<\/tr>\n<tr style=\"text-align: justify;\">\n<td style=\"text-align: justify;\" width=\"217\"><span style=\"font-size: 10pt;\"><strong><u>Vendredi 15 Juillet 2022<\/u><\/strong><\/span><\/td>\n<td style=\"text-align: justify;\" width=\"433\"><span style=\"font-size: 10pt;\"><strong>11h00<\/strong> \u2013 R\u00e9union de travail entreprise \u2013 Visioconf\u00e9rence<\/span><\/p>\n<p><span style=\"font-size: 10pt;\"><strong>Apr\u00e8s-Midi <\/strong>\u2013 Rendez-vous particuliers \u2013 Permanence parlementaire Lun\u00e9ville<\/span><\/td>\n<\/tr>\n<\/tbody>\n<\/table>\n<p style=\"text-align: justify;\"><span style=\"font-size: 10pt;\"><strong><em>\u00a0<\/em><\/strong><strong><em>\u00ab\u00a0Cet agenda est donn\u00e9 \u00e0 titre pr\u00e9visionnel et indicatif, il est susceptible d\u2019\u00e9voluer. Les rendez-vous avec les particuliers ne sont pas d\u00e9taill\u00e9s\u00a0\u00bb.<\/em><\/strong><\/span><\/p>\n","protected":false},"excerpt":{"rendered":"<p>Lundi 11 Juillet 2022 Matin \u2013 Rendez-vous particuliers \u2013 Permanence parlementaire Lun\u00e9ville TGV en direction de Paris 16h00 \u2013 Commission Projet de loi Pouvoir d\u2019achat\u00a0: examen des amendements \u2013 Assembl\u00e9e Nationale 21h30 \u2013 Commission Projet de loi Pouvoir d\u2019achat\u00a0: examen des amendements \u2013 Assembl\u00e9e Nationale Mardi 12 Juillet 2022 11h30 \u2013 R\u00e9union de Groupe LR&hellip; <br \/> <a class=\"button small blue\" href=\"https:\/\/thibaultbazin.fr\/index.php\/2022\/07\/07\/agenda-semaine-28-5\/\">Lire la suite<\/a><\/p>\n","protected":false},"author":2,"featured_media":9189,"comment_status":"open","ping_status":"open","sticky":false,"template":"","format":"standard","meta":[],"categories":[1184],"tags":[79],"amp_enabled":true,"_links":{"self":[{"href":"https:\/\/thibaultbazin.fr\/index.php\/wp-json\/wp\/v2\/posts\/15791"}],"collection":[{"href":"https:\/\/thibaultbazin.fr\/index.php\/wp-json\/wp\/v2\/posts"}],"about":[{"href":"https:\/\/thibaultbazin.fr\/index.php\/wp-json\/wp\/v2\/types\/post"}],"author":[{"embeddable":true,"href":"https:\/\/thibaultbazin.fr\/index.php\/wp-json\/wp\/v2\/users\/2"}],"replies":[{"embeddable":true,"href":"https:\/\/thibaultbazin.fr\/index.php\/wp-json\/wp\/v2\/comments?post=15791"}],"version-history":[{"count":2,"href":"https:\/\/thibaultbazin.fr\/index.php\/wp-json\/wp\/v2\/posts\/15791\/revisions"}],"predecessor-version":[{"id":20223,"href":"https:\/\/thibaultbazin.fr\/index.php\/wp-json\/wp\/v2\/posts\/15791\/revisions\/20223"}],"wp:featuredmedia":[{"embeddable":true,"href":"https:\/\/thibaultbazin.fr\/index.php\/wp-json\/wp\/v2\/media\/9189"}],"wp:attachment":[{"href":"https:\/\/thibaultbazin.fr\/index.php\/wp-json\/wp\/v2\/media?parent=15791"}],"wp:term":[{"taxonomy":"category","embeddable":true,"href":"https:\/\/thibaultbazin.fr\/index.php\/wp-json\/wp\/v2\/categories?post=15791"},{"taxonomy":"post_tag","embeddable":true,"href":"https:\/\/thibaultbazin.fr\/index.php\/wp-json\/wp\/v2\/tags?post=15791"}],"curies":[{"name":"wp","href":"https:\/\/api.w.org\/{rel}","templated":true}]}}