{"id":207,"date":"2017-02-25T16:57:36","date_gmt":"2017-02-25T15:57:36","guid":{"rendered":"http:\/\/thibaultbazin.fr\/?p=207"},"modified":"2022-07-06T15:19:58","modified_gmt":"2022-07-06T13:19:58","slug":"lancement-du-premier-tract-deja-plus-dune-centaine-de-benevoles-pour-le-diffuser","status":"publish","type":"post","link":"https:\/\/thibaultbazin.fr\/index.php\/2017\/02\/25\/lancement-du-premier-tract-deja-plus-dune-centaine-de-benevoles-pour-le-diffuser\/","title":{"rendered":"Lancement du premier tract : d\u00e9j\u00e0 plus d&rsquo;une centaine de b\u00e9n\u00e9voles pour le diffuser"},"content":{"rendered":"<p style=\"text-align: justify;\">\u00a0\u00a0\u00a0 <img fetchpriority=\"high\" decoding=\"async\" class=\"size-medium wp-image-212 aligncenter\" src=\"https:\/\/thibaultbazin.fr\/wp-content\/uploads\/2017\/02\/Reunion-des-tracteurs-25022017b-300x169.jpg\" alt=\"\" width=\"300\" height=\"169\" srcset=\"https:\/\/thibaultbazin.fr\/wp-content\/uploads\/2017\/02\/Reunion-des-tracteurs-25022017b-300x169.jpg 300w, https:\/\/thibaultbazin.fr\/wp-content\/uploads\/2017\/02\/Reunion-des-tracteurs-25022017b.jpg 720w\" sizes=\"(max-width: 300px) 100vw, 300px\" \/><\/p>\n<p style=\"text-align: justify;\">Ce samedi 25 f\u00e9vrier, plus d\u2019une centaine de <strong>b\u00e9n\u00e9voles<\/strong> sont d\u00e9j\u00e0 venus chercher le premier tract de notre campagne\u00a0pour l\u2019annonce de notre candidature aux \u00e9lections l\u00e9gislatives des 11 et 18 juin 2017. Un grand <strong>merci<\/strong> \u00e0 eux et \u00e0 tous ceux qui vont nous rejoindre.<\/p>\n<p style=\"text-align: justify;\"><img decoding=\"async\" class=\"size-medium wp-image-211 aligncenter\" src=\"https:\/\/thibaultbazin.fr\/wp-content\/uploads\/2017\/02\/Reunion-des-tracteurs-25022017a-300x84.jpg\" alt=\"\" width=\"300\" height=\"84\" srcset=\"https:\/\/thibaultbazin.fr\/wp-content\/uploads\/2017\/02\/Reunion-des-tracteurs-25022017a-300x84.jpg 300w, https:\/\/thibaultbazin.fr\/wp-content\/uploads\/2017\/02\/Reunion-des-tracteurs-25022017a-768x214.jpg 768w, https:\/\/thibaultbazin.fr\/wp-content\/uploads\/2017\/02\/Reunion-des-tracteurs-25022017a-1024x285.jpg 1024w\" sizes=\"(max-width: 300px) 100vw, 300px\" \/>Avec plus de <strong>131\u00a0000<\/strong> <strong>habitants<\/strong> sur cette vaste 4<sup>\u00e8me<\/sup> circonscription de Meurthe-et-Moselle, cela repr\u00e9sente pr\u00e8s de 55\u00a0000 boites aux lettres \u00e0 couvrir\u00a0!<\/p>\n<p style=\"text-align: justify;\"><img decoding=\"async\" class=\"size-medium wp-image-208 aligncenter\" src=\"https:\/\/thibaultbazin.fr\/wp-content\/uploads\/2017\/02\/Reunion-des-tracteurs-25022017e-300x78.jpg\" alt=\"\" width=\"300\" height=\"78\" srcset=\"https:\/\/thibaultbazin.fr\/wp-content\/uploads\/2017\/02\/Reunion-des-tracteurs-25022017e-300x78.jpg 300w, https:\/\/thibaultbazin.fr\/wp-content\/uploads\/2017\/02\/Reunion-des-tracteurs-25022017e-768x200.jpg 768w, https:\/\/thibaultbazin.fr\/wp-content\/uploads\/2017\/02\/Reunion-des-tracteurs-25022017e-1024x266.jpg 1024w, https:\/\/thibaultbazin.fr\/wp-content\/uploads\/2017\/02\/Reunion-des-tracteurs-25022017e.jpg 1566w\" sizes=\"(max-width: 300px) 100vw, 300px\" \/><\/p>\n<p style=\"text-align: justify;\">Motiv\u00e9s et d\u00e9termin\u00e9s pour gagner les l\u00e9gislatives en juin prochain, c\u2019est en <strong>EQUIPE<\/strong> que nous souhaitons r\u00e9ussir le mandat \u00e0 venir.<\/p>\n<p style=\"text-align: right;\"><img loading=\"lazy\" decoding=\"async\" class=\"size-medium wp-image-209 aligncenter\" src=\"https:\/\/thibaultbazin.fr\/wp-content\/uploads\/2017\/02\/Reunion-des-tracteurs-25022017d-300x169.jpg\" alt=\"\" width=\"300\" height=\"169\" srcset=\"https:\/\/thibaultbazin.fr\/wp-content\/uploads\/2017\/02\/Reunion-des-tracteurs-25022017d-300x169.jpg 300w, https:\/\/thibaultbazin.fr\/wp-content\/uploads\/2017\/02\/Reunion-des-tracteurs-25022017d.jpg 720w\" sizes=\"(max-width: 300px) 100vw, 300px\" \/><\/p>\n<p style=\"text-align: right;\">Thibault BAZIN<\/p>\n<p style=\"text-align: right;\"><img loading=\"lazy\" decoding=\"async\" class=\"size-medium wp-image-210 alignright\" src=\"https:\/\/thibaultbazin.fr\/wp-content\/uploads\/2017\/02\/Reunion-des-tracteurs-25022017c-165x300.jpg\" alt=\"\" width=\"165\" height=\"300\" srcset=\"https:\/\/thibaultbazin.fr\/wp-content\/uploads\/2017\/02\/Reunion-des-tracteurs-25022017c-165x300.jpg 165w, https:\/\/thibaultbazin.fr\/wp-content\/uploads\/2017\/02\/Reunion-des-tracteurs-25022017c.jpg 396w\" sizes=\"(max-width: 165px) 100vw, 165px\" \/><\/p>\n<p style=\"text-align: right;\">\n<p style=\"text-align: right;\">\n<p style=\"text-align: right;\">\n<p style=\"text-align: right;\">\n<p style=\"text-align: right;\">\n<p style=\"text-align: right;\">\n<p style=\"text-align: right;\">\n<p style=\"text-align: right;\">\n<p style=\"text-align: right;\">\n<p style=\"text-align: right;\">\n<p style=\"text-align: right;\">\n<p style=\"text-align: right;\">\n<p style=\"text-align: right;\">\n<p style=\"text-align: left;\">Consulter le document <a href=\"https:\/\/thibaultbazin.fr\/wp-content\/uploads\/2017\/02\/PlaquetteA5_Depute_web.pdf\">ici<\/a><\/p>\n","protected":false},"excerpt":{"rendered":"<p>\u00a0\u00a0\u00a0 Ce samedi 25 f\u00e9vrier, plus d\u2019une centaine de b\u00e9n\u00e9voles sont d\u00e9j\u00e0 venus chercher le premier tract de notre campagne\u00a0pour l\u2019annonce de notre candidature aux \u00e9lections l\u00e9gislatives des 11 et 18 juin 2017. Un grand merci \u00e0 eux et \u00e0 tous ceux qui vont nous rejoindre. Avec plus de 131\u00a0000 habitants sur cette vaste 4\u00e8me&hellip; <br \/> <a class=\"button small blue\" href=\"https:\/\/thibaultbazin.fr\/index.php\/2017\/02\/25\/lancement-du-premier-tract-deja-plus-dune-centaine-de-benevoles-pour-le-diffuser\/\">Lire la suite<\/a><\/p>\n","protected":false},"author":2,"featured_media":0,"comment_status":"open","ping_status":"open","sticky":false,"template":"","format":"standard","meta":[],"categories":[1],"tags":[11,12,9,10],"amp_enabled":true,"_links":{"self":[{"href":"https:\/\/thibaultbazin.fr\/index.php\/wp-json\/wp\/v2\/posts\/207"}],"collection":[{"href":"https:\/\/thibaultbazin.fr\/index.php\/wp-json\/wp\/v2\/posts"}],"about":[{"href":"https:\/\/thibaultbazin.fr\/index.php\/wp-json\/wp\/v2\/types\/post"}],"author":[{"embeddable":true,"href":"https:\/\/thibaultbazin.fr\/index.php\/wp-json\/wp\/v2\/users\/2"}],"replies":[{"embeddable":true,"href":"https:\/\/thibaultbazin.fr\/index.php\/wp-json\/wp\/v2\/comments?post=207"}],"version-history":[{"count":3,"href":"https:\/\/thibaultbazin.fr\/index.php\/wp-json\/wp\/v2\/posts\/207\/revisions"}],"predecessor-version":[{"id":218,"href":"https:\/\/thibaultbazin.fr\/index.php\/wp-json\/wp\/v2\/posts\/207\/revisions\/218"}],"wp:attachment":[{"href":"https:\/\/thibaultbazin.fr\/index.php\/wp-json\/wp\/v2\/media?parent=207"}],"wp:term":[{"taxonomy":"category","embeddable":true,"href":"https:\/\/thibaultbazin.fr\/index.php\/wp-json\/wp\/v2\/categories?post=207"},{"taxonomy":"post_tag","embeddable":true,"href":"https:\/\/thibaultbazin.fr\/index.php\/wp-json\/wp\/v2\/tags?post=207"}],"curies":[{"name":"wp","href":"https:\/\/api.w.org\/{rel}","templated":true}]}}