{"id":22059,"date":"2023-07-06T17:57:14","date_gmt":"2023-07-06T15:57:14","guid":{"rendered":"https:\/\/thibaultbazin.fr\/?p=22059"},"modified":"2023-07-06T17:57:14","modified_gmt":"2023-07-06T15:57:14","slug":"demande-douverture-exceptionnelle-de-lordre-de-la-liberation-pour-lamiral-philippe-de-gaulle","status":"publish","type":"post","link":"https:\/\/thibaultbazin.fr\/index.php\/2023\/07\/06\/demande-douverture-exceptionnelle-de-lordre-de-la-liberation-pour-lamiral-philippe-de-gaulle\/","title":{"rendered":"Demande d&rsquo;ouverture exceptionnelle de l&rsquo;Ordre de la Lib\u00e9ration pour l&rsquo;Amiral Philippe de Gaulle"},"content":{"rendered":"<p>Avec plusieurs de mes coll\u00e8gues, nous demandons au Pr\u00e9sident de la R\u00e9publique de bien vouloir ouvrir exceptionnellement l&rsquo;Ordre de la Lib\u00e9ration pour l&rsquo;Amiral Philippe de Gaulle.<\/p>\n<p>Veuillez trouver ci-apr\u00e8s la proposition de r\u00e9solution qui a \u00e9t\u00e9 d\u00e9pos\u00e9e \u00e0 l&rsquo;Assembl\u00e9e nationale : <a href=\"https:\/\/www.assemblee-nationale.fr\/dyn\/16\/textes\/l16b1401_proposition-resolution#\">https:\/\/www.assemblee-nationale.fr\/dyn\/16\/textes\/l16b1401_proposition-resolution#<\/a> et la tribune publi\u00e9e : <a href=\"https:\/\/www.lefigaro.fr\/vox\/histoire\/reparons-une-injustice-en-faisant-de-philippe-de-gaulle-l-ultime-compagnon-de-la-liberation-20230616\">https:\/\/www.lefigaro.fr\/vox\/histoire\/reparons-une-injustice-en-faisant-de-philippe-de-gaulle-l-ultime-compagnon-de-la-liberation-20230616<\/a><\/p>\n","protected":false},"excerpt":{"rendered":"<p>Avec plusieurs de mes coll\u00e8gues, nous demandons au Pr\u00e9sident de la R\u00e9publique de bien vouloir ouvrir exceptionnellement l&rsquo;Ordre de la Lib\u00e9ration pour l&rsquo;Amiral Philippe de Gaulle. Veuillez trouver ci-apr\u00e8s la proposition de r\u00e9solution qui a \u00e9t\u00e9 d\u00e9pos\u00e9e \u00e0 l&rsquo;Assembl\u00e9e nationale : https:\/\/www.assemblee-nationale.fr\/dyn\/16\/textes\/l16b1401_proposition-resolution# et la tribune publi\u00e9e : https:\/\/www.lefigaro.fr\/vox\/histoire\/reparons-une-injustice-en-faisant-de-philippe-de-gaulle-l-ultime-compagnon-de-la-liberation-20230616<\/p>\n","protected":false},"author":2,"featured_media":0,"comment_status":"open","ping_status":"open","sticky":false,"template":"","format":"standard","meta":[],"categories":[1],"tags":[],"amp_enabled":true,"_links":{"self":[{"href":"https:\/\/thibaultbazin.fr\/index.php\/wp-json\/wp\/v2\/posts\/22059"}],"collection":[{"href":"https:\/\/thibaultbazin.fr\/index.php\/wp-json\/wp\/v2\/posts"}],"about":[{"href":"https:\/\/thibaultbazin.fr\/index.php\/wp-json\/wp\/v2\/types\/post"}],"author":[{"embeddable":true,"href":"https:\/\/thibaultbazin.fr\/index.php\/wp-json\/wp\/v2\/users\/2"}],"replies":[{"embeddable":true,"href":"https:\/\/thibaultbazin.fr\/index.php\/wp-json\/wp\/v2\/comments?post=22059"}],"version-history":[{"count":1,"href":"https:\/\/thibaultbazin.fr\/index.php\/wp-json\/wp\/v2\/posts\/22059\/revisions"}],"predecessor-version":[{"id":22060,"href":"https:\/\/thibaultbazin.fr\/index.php\/wp-json\/wp\/v2\/posts\/22059\/revisions\/22060"}],"wp:attachment":[{"href":"https:\/\/thibaultbazin.fr\/index.php\/wp-json\/wp\/v2\/media?parent=22059"}],"wp:term":[{"taxonomy":"category","embeddable":true,"href":"https:\/\/thibaultbazin.fr\/index.php\/wp-json\/wp\/v2\/categories?post=22059"},{"taxonomy":"post_tag","embeddable":true,"href":"https:\/\/thibaultbazin.fr\/index.php\/wp-json\/wp\/v2\/tags?post=22059"}],"curies":[{"name":"wp","href":"https:\/\/api.w.org\/{rel}","templated":true}]}}