{"id":27257,"date":"2024-12-04T12:10:44","date_gmt":"2024-12-04T11:10:44","guid":{"rendered":"https:\/\/thibaultbazin.fr\/?p=27257"},"modified":"2024-12-04T12:10:44","modified_gmt":"2024-12-04T11:10:44","slug":"regulation-du-secteur-des-creches","status":"publish","type":"post","link":"https:\/\/thibaultbazin.fr\/index.php\/2024\/12\/04\/regulation-du-secteur-des-creches\/","title":{"rendered":"R\u00e9gulation du secteur des cr\u00e8ches"},"content":{"rendered":"<p>Retrouvez la vid\u00e9o de mon intervention en commission des affaires sociales le mercredi 4 d\u00e9cembre 2024 \u00e0 l\u2019occasion de la discussion g\u00e9n\u00e9rale de la proposition de loi portant mesures d\u2019urgence pour prot\u00e9ger nos enfants accueillis en cr\u00e8ches priv\u00e9es \u00e0 but lucratif.<\/p>\n<p>\u00ab\u00a0Merci Monsieur le Pr\u00e9sident. Madame la Rapporteure,<br \/>\nVotre proposition de loi vise \u00e0 lutter contre la financiarisation du secteur des cr\u00e8ches priv\u00e9es \u00e0 but lucratif. Vous estimez que ce ph\u00e9nom\u00e8ne conduirait \u00e0 des d\u00e9rives.<br \/>\nOui, le secteur doit \u00eatre r\u00e9gul\u00e9 mais je ne partage pas l\u2019int\u00e9gralit\u00e9 de votre expos\u00e9 des motifs.<br \/>\nDans le cadre de la commission d\u2019enqu\u00eate parlementaire au printemps dernier sur le mod\u00e8le \u00e9conomique des cr\u00e8ches, que j\u2019avais eu l\u2019honneur de pr\u00e9sider, la rapporteure Sarah Tanzilli avait estim\u00e9 que si les cr\u00e8ches priv\u00e9es lucratives sont tout particuli\u00e8rement point\u00e9es du doigt, \u00ab la d\u00e9gradation de la qualit\u00e9 d\u2019accueil touche en r\u00e9alit\u00e9 les cr\u00e8ches de TOUT statut juridique car elle r\u00e9sulte d\u2019un mod\u00e8le \u00e9conomique qui finance insuffisamment les structures d\u2019accueil du jeune enfant, et d\u2019une p\u00e9nurie de professionnels de la petite enfance \u00bb.<br \/>\nCette p\u00e9nurie joue d\u2019ailleurs un r\u00f4le essentiel dans la d\u00e9gradation de la qualit\u00e9 de l\u2019accueil.<br \/>\nC\u2019est la raison pour laquelle il nous faut lutter r\u00e9solument contre TOUTES les d\u00e9rives, peu importe le statut du gestionnaire des cr\u00e8ches.<br \/>\nL\u2019article premier du texte interdirait \u00e0 tous les fonds d\u2019investissement d\u2019investir dans les cr\u00e8ches. Or, la commission d\u2019enqu\u00eate a \u00e9tabli que les fonds d\u2019investissements pr\u00e9sents au capital des grands groupes de cr\u00e8ches n\u2019exercent aucune pression sur les co\u00fbts en vue d\u2019en am\u00e9liorer la rentabilit\u00e9 \u00e0 court terme.<br \/>\nC\u2019est la raison pour laquelle dans nos \u00e9changes pr\u00e9paratoires avec Madame la Rapporteure, dont je salue le souci permanent de la concertation en amont, j\u2019ai plaid\u00e9 pour une r\u00e9\u00e9criture compl\u00e8te de cet article premier pour revenir sur l\u2019interdiction des fonds d\u2019investissement. L\u2019id\u00e9e de le remplacer par un r\u00e9gime d\u2019autorisation pr\u00e9alable des investissements des fonds d&rsquo;investissement dans les entreprises de cr\u00e8ches, nous semble pr\u00e9f\u00e9rable, si possible par la CNAF. Je porterai un sous-amendement en ce sens.<br \/>\nEnfin, compte tenu de l\u2019\u00e9tat actuel de nos finances publiques, il serait pr\u00e9judiciable de les exclure, par principe. Car il faut des moyens pour investir dans la modernisation de nos cr\u00e8ches.<br \/>\nLes articles 2 et 3 sur le renforcement des sanctions et la formation \u00e0 distance ne nous posent pas de difficult\u00e9 majeure, mais il serait pr\u00e9f\u00e9rable de ne pas interdire purement et simplement le recours, m\u00eame partiel, \u00e0 ce type de formation.<br \/>\nC\u2019est donc \u00e0 la condition d\u2019une tr\u00e8s large r\u00e9\u00e9criture de l\u2019article 1 que le groupe Droite R\u00e9publicaine votera POUR cette proposition de loi. \u00a0\u00bb<\/p>\n<div style=\"width: 960px;\" class=\"wp-video\"><!--[if lt IE 9]><script>document.createElement('video');<\/script><![endif]-->\n<video class=\"wp-video-shortcode\" id=\"video-27257-1\" width=\"960\" height=\"540\" preload=\"metadata\" controls=\"controls\"><source type=\"video\/mp4\" src=\"https:\/\/thibaultbazin.fr\/wp-content\/uploads\/2024\/12\/source_15910516_9914280_10036690.mp4?_=1\" \/><a href=\"https:\/\/thibaultbazin.fr\/wp-content\/uploads\/2024\/12\/source_15910516_9914280_10036690.mp4\">https:\/\/thibaultbazin.fr\/wp-content\/uploads\/2024\/12\/source_15910516_9914280_10036690.mp4<\/a><\/video><\/div>\n","protected":false},"excerpt":{"rendered":"<p>Retrouvez la vid\u00e9o de mon intervention en commission des affaires sociales le mercredi 4 d\u00e9cembre 2024 \u00e0 l\u2019occasion de la discussion g\u00e9n\u00e9rale de la proposition de loi portant mesures d\u2019urgence pour prot\u00e9ger nos enfants accueillis en cr\u00e8ches priv\u00e9es \u00e0 but lucratif. \u00ab\u00a0Merci Monsieur le Pr\u00e9sident. Madame la Rapporteure, Votre proposition de loi vise \u00e0 lutter&hellip; <br \/> <a class=\"button small blue\" href=\"https:\/\/thibaultbazin.fr\/index.php\/2024\/12\/04\/regulation-du-secteur-des-creches\/\">Lire la suite<\/a><\/p>\n","protected":false},"author":2,"featured_media":0,"comment_status":"open","ping_status":"open","sticky":false,"template":"","format":"standard","meta":[],"categories":[990],"tags":[],"amp_enabled":true,"_links":{"self":[{"href":"https:\/\/thibaultbazin.fr\/index.php\/wp-json\/wp\/v2\/posts\/27257"}],"collection":[{"href":"https:\/\/thibaultbazin.fr\/index.php\/wp-json\/wp\/v2\/posts"}],"about":[{"href":"https:\/\/thibaultbazin.fr\/index.php\/wp-json\/wp\/v2\/types\/post"}],"author":[{"embeddable":true,"href":"https:\/\/thibaultbazin.fr\/index.php\/wp-json\/wp\/v2\/users\/2"}],"replies":[{"embeddable":true,"href":"https:\/\/thibaultbazin.fr\/index.php\/wp-json\/wp\/v2\/comments?post=27257"}],"version-history":[{"count":1,"href":"https:\/\/thibaultbazin.fr\/index.php\/wp-json\/wp\/v2\/posts\/27257\/revisions"}],"predecessor-version":[{"id":27259,"href":"https:\/\/thibaultbazin.fr\/index.php\/wp-json\/wp\/v2\/posts\/27257\/revisions\/27259"}],"wp:attachment":[{"href":"https:\/\/thibaultbazin.fr\/index.php\/wp-json\/wp\/v2\/media?parent=27257"}],"wp:term":[{"taxonomy":"category","embeddable":true,"href":"https:\/\/thibaultbazin.fr\/index.php\/wp-json\/wp\/v2\/categories?post=27257"},{"taxonomy":"post_tag","embeddable":true,"href":"https:\/\/thibaultbazin.fr\/index.php\/wp-json\/wp\/v2\/tags?post=27257"}],"curies":[{"name":"wp","href":"https:\/\/api.w.org\/{rel}","templated":true}]}}