{"id":27268,"date":"2024-12-05T10:19:51","date_gmt":"2024-12-05T09:19:51","guid":{"rendered":"https:\/\/thibaultbazin.fr\/?p=27268"},"modified":"2024-12-05T10:19:51","modified_gmt":"2024-12-05T09:19:51","slug":"communique-censure-du-gouvernement-et-le-rejet-du-budget-de-la-securite-sociale-pour-2025","status":"publish","type":"post","link":"https:\/\/thibaultbazin.fr\/index.php\/2024\/12\/05\/communique-censure-du-gouvernement-et-le-rejet-du-budget-de-la-securite-sociale-pour-2025\/","title":{"rendered":"Communiqu\u00e9 &#8211; Censure du gouvernement et le rejet du budget de la s\u00e9curit\u00e9 sociale pour 2025"},"content":{"rendered":"<p>Je d\u00e9plore la censure du gouvernement \u00e0 trois semaines de No\u00ebl, privant la France d\u2019un budget de la s\u00e9curit\u00e9 sociale pour 2025. Il aurait mieux valu un budget, m\u00eame imparfait. Ce projet avait d\u2019ailleurs \u00e9t\u00e9 largement ajust\u00e9 ces derni\u00e8res semaines pour r\u00e9pondre aux attentes, certes partiellement, de tous les groupes repr\u00e9sent\u00e9s au Parlement.<br \/>\nJe regrette profond\u00e9ment les cons\u00e9quences imm\u00e9diates g\u00e9n\u00e9r\u00e9es par cette censure vot\u00e9e par l\u2019alliance du RN et du NFP. J\u2019en mesure la gravit\u00e9 dans le contexte actuel.<\/p>\n<p>Tr\u00e8s concr\u00e8tement, les mesures attendues par les agriculteurs pr\u00e9vues dans ce budget sont abandonn\u00e9es. Citons la r\u00e9forme du calcul de leurs retraites sur les 25 meilleures ann\u00e9es, le cumul d\u2019exon\u00e9rations pour les jeunes agriculteurs ou encore la p\u00e9rennisation du dispositif TODE pour permettre \u00e0 nos arboriculteurs de faire face \u00e0 la concurrence d\u00e9loyale.<br \/>\nTr\u00e8s concr\u00e8tement, les enveloppes de moyens suppl\u00e9mentaires pour les maisons de retraite (100 M\u20ac) et les d\u00e9partements (200 M\u20ac) sont annul\u00e9es. Leur situation financi\u00e8re est pourtant alarmante.<br \/>\nTr\u00e8s concr\u00e8tement, les enveloppes de tarifs pour les h\u00f4pitaux ne seront pas revaloris\u00e9es, les privant d\u2019autant de ressources et aggravant ainsi leurs d\u00e9ficits.<\/p>\n<p>Pire, la France se retrouve sans gouvernement \u00e0 quelles semaines de No\u00ebl interrompant l\u2019examen des textes en cours de discussion. Le budget de l\u2019Etat risque ainsi de ne pas \u00eatre vot\u00e9 dans les temps.<br \/>\nCela n\u2019est pas sans cons\u00e9quence pour les Fran\u00e7ais et nos territoires meurthe-et-mosellans.<br \/>\nTr\u00e8s concr\u00e8tement, les moyens suppl\u00e9mentaires pr\u00e9vus dans les lois de programmation pour nos militaires, pour nos gendarmes, pour la justice ne seront pas budg\u00e9t\u00e9s.<br \/>\nTr\u00e8s concr\u00e8tement, les cr\u00e9dits suppl\u00e9mentaires pr\u00e9vus pour recruter 2000 AESH afin de r\u00e9pondre aux besoins d\u2019accompagnement d\u2019enfants en situation de handicap ne seront pas budg\u00e9t\u00e9s.<br \/>\nTr\u00e8s concr\u00e8tement, sans budget et donc sans indexation des tranches d\u2019impositions, pr\u00e8s de 400 000 Fran\u00e7ais vont se retrouver imposable. Et pr\u00e8s de 18 millions de Fran\u00e7ais vont voir leurs imp\u00f4ts augmenter.<\/p>\n<p>Face \u00e0 l\u2019instabilit\u00e9 gouvernementale g\u00e9n\u00e9r\u00e9e par cette censure, et l\u2019absence de majorit\u00e9 parlementaire coh\u00e9rente pour un projet alternatif, la France se retrouve dans une situation p\u00e9rilleuse. J\u2019entends avec beaucoup de gravit\u00e9 les inqui\u00e9tudes des concitoyens, des entreprises et des acteurs publics de ma circonscription. Il nous faut y r\u00e9pondre. Il nous faut les prot\u00e9ger. Je porte au c\u0153ur de mes pr\u00e9occupations l\u2019avenir de notre territoire.<br \/>\nDans cette p\u00e9riode si troubl\u00e9e, je continuerai ainsi \u00e0 \u00eatre attentif aux difficult\u00e9s qu\u2019ils rencontrent, \u00e0 relayer leurs attentes et \u00e0 contribuer \u00e0 ce que nos r\u00e9alit\u00e9s locales soient mieux prises en compte. C\u2019est l\u2019\u00e9tat d\u2019esprit qui m\u2019anime, sans d\u00e9magogie. Je poursuivrai mon travail parlementaire avec s\u00e9rieux privil\u00e9giant le fond, me pronon\u00e7ant en fonction des propositions. Je serai combatif afin d\u2019\u00e9viter le chaos pour la France, privil\u00e9giant le souci du bien commun, celui de l\u2019int\u00e9r\u00eat des Fran\u00e7ais.<\/p>\n","protected":false},"excerpt":{"rendered":"<p>Je d\u00e9plore la censure du gouvernement \u00e0 trois semaines de No\u00ebl, privant la France d\u2019un budget de la s\u00e9curit\u00e9 sociale pour 2025. Il aurait mieux valu un budget, m\u00eame imparfait. Ce projet avait d\u2019ailleurs \u00e9t\u00e9 largement ajust\u00e9 ces derni\u00e8res semaines pour r\u00e9pondre aux attentes, certes partiellement, de tous les groupes repr\u00e9sent\u00e9s au Parlement. Je regrette&hellip; <br \/> <a class=\"button small blue\" href=\"https:\/\/thibaultbazin.fr\/index.php\/2024\/12\/05\/communique-censure-du-gouvernement-et-le-rejet-du-budget-de-la-securite-sociale-pour-2025\/\">Lire la suite<\/a><\/p>\n","protected":false},"author":2,"featured_media":0,"comment_status":"open","ping_status":"open","sticky":false,"template":"","format":"standard","meta":[],"categories":[1224],"tags":[],"amp_enabled":true,"_links":{"self":[{"href":"https:\/\/thibaultbazin.fr\/index.php\/wp-json\/wp\/v2\/posts\/27268"}],"collection":[{"href":"https:\/\/thibaultbazin.fr\/index.php\/wp-json\/wp\/v2\/posts"}],"about":[{"href":"https:\/\/thibaultbazin.fr\/index.php\/wp-json\/wp\/v2\/types\/post"}],"author":[{"embeddable":true,"href":"https:\/\/thibaultbazin.fr\/index.php\/wp-json\/wp\/v2\/users\/2"}],"replies":[{"embeddable":true,"href":"https:\/\/thibaultbazin.fr\/index.php\/wp-json\/wp\/v2\/comments?post=27268"}],"version-history":[{"count":1,"href":"https:\/\/thibaultbazin.fr\/index.php\/wp-json\/wp\/v2\/posts\/27268\/revisions"}],"predecessor-version":[{"id":27269,"href":"https:\/\/thibaultbazin.fr\/index.php\/wp-json\/wp\/v2\/posts\/27268\/revisions\/27269"}],"wp:attachment":[{"href":"https:\/\/thibaultbazin.fr\/index.php\/wp-json\/wp\/v2\/media?parent=27268"}],"wp:term":[{"taxonomy":"category","embeddable":true,"href":"https:\/\/thibaultbazin.fr\/index.php\/wp-json\/wp\/v2\/categories?post=27268"},{"taxonomy":"post_tag","embeddable":true,"href":"https:\/\/thibaultbazin.fr\/index.php\/wp-json\/wp\/v2\/tags?post=27268"}],"curies":[{"name":"wp","href":"https:\/\/api.w.org\/{rel}","templated":true}]}}