{"id":27300,"date":"2024-12-11T14:21:49","date_gmt":"2024-12-11T13:21:49","guid":{"rendered":"https:\/\/thibaultbazin.fr\/?p=27300"},"modified":"2024-12-11T14:21:49","modified_gmt":"2024-12-11T13:21:49","slug":"urgences-psychiatriques","status":"publish","type":"post","link":"https:\/\/thibaultbazin.fr\/index.php\/2024\/12\/11\/urgences-psychiatriques\/","title":{"rendered":"Urgences psychiatriques"},"content":{"rendered":"<p>Retrouvez la vid\u00e9o de mon intervention le mercredi 11 d\u00e9cembre en commission des affaires sociales \u00e0 l\u2019occasion de la pr\u00e9sentation du rapport de la mission d\u2019information sur la prise en charge des urgences psychiatriques.<\/p>\n<p>\u00ab Merci Monsieur le Pr\u00e9sident<br \/>\nMesdames les Rapporteurs,<br \/>\nMerci pour votre travail de votre mission d\u2019information sur la prise en charge des urgences psychiatriques qui arrive au bon moment, \u00e0 la veille de cette ann\u00e9e 2025 d\u00e9di\u00e9e \u00e0 la sant\u00e9 mentale, comme l\u2019a souhait\u00e9 Michel BARNIER.<br \/>\nMes chers coll\u00e8gues, les d\u00e9tresses pouvant aller jusqu\u2019au suicide nous questionnent et interpellent notre soci\u00e9t\u00e9 : aurions-nous pu l\u2019\u00e9viter ? Un autre accompagnement aurait-il pu l\u2019\u00e9viter ?<br \/>\nLes \u00e9volutions semblent avoir accru ces situations de mal-\u00eatre. Nous devons y r\u00e9pondre et votre rapport nous permet de mieux appr\u00e9hender ce d\u00e9fi. J\u2019ai deux questions :<br \/>\nVotre recommandation n\u00b019 invite \u00e0 une augmentation des effectifs en formation initiale notamment. Mais il y a d\u00e9j\u00e0 des places actuelles d\u2019internes en psychiatrie qui restent vacantes. Dans quelle mesure la recommandation n\u00b020, \u00e0 savoir le renforcement de l\u2019attractivit\u00e9 des m\u00e9tiers de la psychiatrie, pourrait contribuer \u00e0 y pourvoir ?<br \/>\nVotre recommandation n\u00b016 appelle \u00e0 garantir une offre de soins p\u00e9dopsychiatriques homog\u00e8nes et adapt\u00e9e aux besoins sur tout le territoire. L\u2019objectif peut faire consensus ici. Mais la question cruciale est davantage de comment le permettre concr\u00e8tement. Les soins p\u00e9dopsychiatriques supposent des hyper sp\u00e9cialisations souvent concentr\u00e9es dans les hyper centres de m\u00e9tropoles. Avez-vous appr\u00e9hend\u00e9 la question du parcours de soin permettant cet acc\u00e8s vis\u00e9 ? Dans quelle mesure le maillage des CMP (centre m\u00e9dico-psychologiques) et des CMPP (centres m\u00e9dico-psycho-p\u00e9dagogiques) devrait-il \/ pourrait-il \u00e9voluer ? \u00bb<\/p>\n<div style=\"width: 1280px;\" class=\"wp-video\"><!--[if lt IE 9]><script>document.createElement('video');<\/script><![endif]-->\n<video class=\"wp-video-shortcode\" id=\"video-27300-1\" width=\"1280\" height=\"720\" preload=\"metadata\" controls=\"controls\"><source type=\"video\/mp4\" src=\"https:\/\/thibaultbazin.fr\/wp-content\/uploads\/2024\/12\/TB-CAS1-1.mp4?_=1\" \/><a href=\"https:\/\/thibaultbazin.fr\/wp-content\/uploads\/2024\/12\/TB-CAS1-1.mp4\">https:\/\/thibaultbazin.fr\/wp-content\/uploads\/2024\/12\/TB-CAS1-1.mp4<\/a><\/video><\/div>\n","protected":false},"excerpt":{"rendered":"<p>Retrouvez la vid\u00e9o de mon intervention le mercredi 11 d\u00e9cembre en commission des affaires sociales \u00e0 l\u2019occasion de la pr\u00e9sentation du rapport de la mission d\u2019information sur la prise en charge des urgences psychiatriques. \u00ab Merci Monsieur le Pr\u00e9sident Mesdames les Rapporteurs, Merci pour votre travail de votre mission d\u2019information sur la prise en charge&hellip; <br \/> <a class=\"button small blue\" href=\"https:\/\/thibaultbazin.fr\/index.php\/2024\/12\/11\/urgences-psychiatriques\/\">Lire la suite<\/a><\/p>\n","protected":false},"author":2,"featured_media":0,"comment_status":"open","ping_status":"open","sticky":false,"template":"","format":"standard","meta":[],"categories":[989],"tags":[],"amp_enabled":true,"_links":{"self":[{"href":"https:\/\/thibaultbazin.fr\/index.php\/wp-json\/wp\/v2\/posts\/27300"}],"collection":[{"href":"https:\/\/thibaultbazin.fr\/index.php\/wp-json\/wp\/v2\/posts"}],"about":[{"href":"https:\/\/thibaultbazin.fr\/index.php\/wp-json\/wp\/v2\/types\/post"}],"author":[{"embeddable":true,"href":"https:\/\/thibaultbazin.fr\/index.php\/wp-json\/wp\/v2\/users\/2"}],"replies":[{"embeddable":true,"href":"https:\/\/thibaultbazin.fr\/index.php\/wp-json\/wp\/v2\/comments?post=27300"}],"version-history":[{"count":1,"href":"https:\/\/thibaultbazin.fr\/index.php\/wp-json\/wp\/v2\/posts\/27300\/revisions"}],"predecessor-version":[{"id":27302,"href":"https:\/\/thibaultbazin.fr\/index.php\/wp-json\/wp\/v2\/posts\/27300\/revisions\/27302"}],"wp:attachment":[{"href":"https:\/\/thibaultbazin.fr\/index.php\/wp-json\/wp\/v2\/media?parent=27300"}],"wp:term":[{"taxonomy":"category","embeddable":true,"href":"https:\/\/thibaultbazin.fr\/index.php\/wp-json\/wp\/v2\/categories?post=27300"},{"taxonomy":"post_tag","embeddable":true,"href":"https:\/\/thibaultbazin.fr\/index.php\/wp-json\/wp\/v2\/tags?post=27300"}],"curies":[{"name":"wp","href":"https:\/\/api.w.org\/{rel}","templated":true}]}}