{"id":27342,"date":"2024-12-17T08:40:17","date_gmt":"2024-12-17T07:40:17","guid":{"rendered":"https:\/\/thibaultbazin.fr\/?p=27342"},"modified":"2024-12-17T08:40:17","modified_gmt":"2024-12-17T07:40:17","slug":"communique-adoption-de-la-loi-speciale-par-lassemblee-nationale","status":"publish","type":"post","link":"https:\/\/thibaultbazin.fr\/index.php\/2024\/12\/17\/communique-adoption-de-la-loi-speciale-par-lassemblee-nationale\/","title":{"rendered":"Communiqu\u00e9 &#8211; Adoption de la loi sp\u00e9ciale par l\u2019Assembl\u00e9e Nationale"},"content":{"rendered":"<p style=\"font-weight: 400;\">En raison de la censure du gouvernement le mercredi 4 d\u00e9cembre par l\u2019Assembl\u00e9e Nationale, et sa d\u00e9mission le 5 d\u00e9cembre dernier, le budget de la s\u00e9curit\u00e9 sociale et le budget de l\u2019Etat ne pourront pas \u00eatre adopt\u00e9s d\u2019ici la fin de l\u2019ann\u00e9e.<\/p>\n<p style=\"font-weight: 400;\">Les cons\u00e9quences ne sont pas minimes privant la France de stabilit\u00e9 et de visibilit\u00e9, indispensables pour tous les porteurs de projets d\u2019investissements.<\/p>\n<p style=\"font-weight: 400;\">La facture de la censure va ainsi se traduire par un gel des engagements non seulement de l\u2019Etat dans l\u2019attente d\u2019un budget, mais \u00e9galement des acteurs priv\u00e9s, ce qui pourrait g\u00e9n\u00e9rer un ralentissement \u00e9conomique et des cons\u00e9quences sur l\u2019emploi local.<\/p>\n<p style=\"font-weight: 400;\"><strong>Afin d\u2019assurer la continuit\u00e9 a minima des services publics, il faut d\u2019urgence adopter une loi sp\u00e9ciale pr\u00e9vue par nos institutions jusqu\u2019au vote de la loi de finances de l\u2019ann\u00e9e. <\/strong><\/p>\n<p style=\"font-weight: 400;\">Cette loi sp\u00e9ciale, n\u2019\u00e9tant pas un budget, ne vise qu\u2019\u00e0 permettre \u00e0 l\u2019Etat de poursuivre son fonctionnement a minima.<\/p>\n<p style=\"font-weight: 400;\">Son contenu est tr\u00e8s contraint.<\/p>\n<p style=\"font-weight: 400;\">Il s\u2019agit d\u2019autoriser l\u2019Etat \u00e0 l\u2019article 1 \u00e0 percevoir les imp\u00f4ts existants, et \u00e0 l\u2019article 2 \u00e0 recourir \u00e0 l\u2019emprunt. L\u2019article 3 proc\u00e8de de m\u00eame pour les organismes de s\u00e9curit\u00e9 sociale.<\/p>\n<p style=\"font-weight: 400;\">L\u2019enjeu est de taille car la France devra emprunter pr\u00e8s de 300 milliards d\u2019euros pour financer nos d\u00e9penses publiques en 2025.<\/p>\n<p style=\"font-weight: 400;\">C\u2019est la raison pour laquelle j\u2019ai vot\u00e9 pour cette loi sp\u00e9ciale afin d\u2019 \u00ab\u00a0assurer la continuit\u00e9 de la vie nationale et le fonctionnement r\u00e9gulier des services publics en 2025, dans l\u2019attente de l\u2019adoption de la loi de finances de l\u2019ann\u00e9e\u00a0\u00bb.<\/p>\n<p style=\"font-weight: 400;\">Cela \u00e9tant d\u00e9sormais vot\u00e9, j\u2019esp\u00e8re qu\u2019un gouvernement sera rapidement au travail afin de donner \u00e0 la France un budget dont elle a besoin pour prot\u00e9ger les Fran\u00e7ais.<\/p>\n","protected":false},"excerpt":{"rendered":"<p>En raison de la censure du gouvernement le mercredi 4 d\u00e9cembre par l\u2019Assembl\u00e9e Nationale, et sa d\u00e9mission le 5 d\u00e9cembre dernier, le budget de la s\u00e9curit\u00e9 sociale et le budget de l\u2019Etat ne pourront pas \u00eatre adopt\u00e9s d\u2019ici la fin de l\u2019ann\u00e9e. Les cons\u00e9quences ne sont pas minimes privant la France de stabilit\u00e9 et de&hellip; <br \/> <a class=\"button small blue\" href=\"https:\/\/thibaultbazin.fr\/index.php\/2024\/12\/17\/communique-adoption-de-la-loi-speciale-par-lassemblee-nationale\/\">Lire la suite<\/a><\/p>\n","protected":false},"author":2,"featured_media":0,"comment_status":"open","ping_status":"open","sticky":false,"template":"","format":"standard","meta":[],"categories":[1224],"tags":[],"amp_enabled":true,"_links":{"self":[{"href":"https:\/\/thibaultbazin.fr\/index.php\/wp-json\/wp\/v2\/posts\/27342"}],"collection":[{"href":"https:\/\/thibaultbazin.fr\/index.php\/wp-json\/wp\/v2\/posts"}],"about":[{"href":"https:\/\/thibaultbazin.fr\/index.php\/wp-json\/wp\/v2\/types\/post"}],"author":[{"embeddable":true,"href":"https:\/\/thibaultbazin.fr\/index.php\/wp-json\/wp\/v2\/users\/2"}],"replies":[{"embeddable":true,"href":"https:\/\/thibaultbazin.fr\/index.php\/wp-json\/wp\/v2\/comments?post=27342"}],"version-history":[{"count":1,"href":"https:\/\/thibaultbazin.fr\/index.php\/wp-json\/wp\/v2\/posts\/27342\/revisions"}],"predecessor-version":[{"id":27343,"href":"https:\/\/thibaultbazin.fr\/index.php\/wp-json\/wp\/v2\/posts\/27342\/revisions\/27343"}],"wp:attachment":[{"href":"https:\/\/thibaultbazin.fr\/index.php\/wp-json\/wp\/v2\/media?parent=27342"}],"wp:term":[{"taxonomy":"category","embeddable":true,"href":"https:\/\/thibaultbazin.fr\/index.php\/wp-json\/wp\/v2\/categories?post=27342"},{"taxonomy":"post_tag","embeddable":true,"href":"https:\/\/thibaultbazin.fr\/index.php\/wp-json\/wp\/v2\/tags?post=27342"}],"curies":[{"name":"wp","href":"https:\/\/api.w.org\/{rel}","templated":true}]}}