{"id":27473,"date":"2025-01-14T19:29:40","date_gmt":"2025-01-14T18:29:40","guid":{"rendered":"https:\/\/thibaultbazin.fr\/?p=27473"},"modified":"2025-01-14T19:29:40","modified_gmt":"2025-01-14T18:29:40","slug":"communique-reaction-au-discours-de-politique-generale-du-premier-ministre-francois-bayrou","status":"publish","type":"post","link":"https:\/\/thibaultbazin.fr\/index.php\/2025\/01\/14\/communique-reaction-au-discours-de-politique-generale-du-premier-ministre-francois-bayrou\/","title":{"rendered":"Communiqu\u00e9 &#8211; R\u00e9action au discours de politique g\u00e9n\u00e9rale du Premier Ministre Fran\u00e7ois BAYROU"},"content":{"rendered":"<p style=\"font-weight: 400;\">Le nouveau Premier Ministre, plus d\u2019un mois apr\u00e8s sa nomination le 13 d\u00e9cembre dernier, a enfin prononc\u00e9 son discours de politique g\u00e9n\u00e9rale ce mardi 14 janvier 2025.<\/p>\n<p style=\"font-weight: 400;\">Cette attente a pu participer \u00e0 amplifier l\u2019inqui\u00e9tude de nombreux concitoyens concernant la situation de la France priv\u00e9e de budget pour 2025. J\u2019ai pu mesurer cette inqui\u00e9tude en ce d\u00e9but d\u2019ann\u00e9e \u00e0 l\u2019occasion notamment des c\u00e9r\u00e9monies de v\u0153ux dans ma circonscription.<\/p>\n<p style=\"font-weight: 400;\">Dans un long discours, le Premier Ministre a multipli\u00e9 les constats. Et ils sont nombreux ceux que je peux partager concernant la situation inqui\u00e9tante de la France, sur les probl\u00e8mes auxquels elle doit faire face. Je salue sa pr\u00e9occupation pour les Fran\u00e7ais qui se sentent oubli\u00e9s ou exclus des d\u00e9cisions comme a pu le r\u00e9v\u00e9ler au d\u00e9but le mouvement des gilets jaunes.<\/p>\n<p style=\"font-weight: 400;\">Concernant sa m\u00e9thode, nous ne pouvons que saluer son souci apparent d\u2019\u00e9changer. Ainsi le Premier Ministre souhaite un \u00ab\u00a0dialogue sur le bien vieillir\u00a0\u00bb, une \u00ab\u00a0grande conf\u00e9rence nationale sur l\u2019eau\u00a0\u00bb, une \u00ab\u00a0concertation sur le travail et les salaires\u00a0\u00bb ou encore la \u00ab\u00a0reprise des discussions sur la Nouvelle Cal\u00e9donie\u00a0\u00bb.<\/p>\n<p style=\"font-weight: 400;\">Mais le discours a manqu\u00e9 de pr\u00e9cisions sur les intentions r\u00e9elles du gouvernement, sur les mesures concr\u00e8tes qui seront propos\u00e9es. Cela peut entretenir un sentiment de flou sur l\u2019avenir. Dit autrement, nous avons encore du mal \u00e0 identifier clairement ce qui va arriver les six prochains mois. J\u2019attends encore beaucoup de pr\u00e9cisions sur de nombreux th\u00e8mes.<\/p>\n<p style=\"font-weight: 400;\">J\u2019attendais davantage de pr\u00e9cisions sur les mesures d\u2019urgence pour rem\u00e9dier \u00e0 la crise agricole, \u00e0 la crise du logement ou encore \u00e0 la crise de la natalit\u00e9. Il faut surtout s\u2019atteler \u00e0 la valorisation du travail\u00a0et \u00e0 la restauration de l\u2019autorit\u00e9.<\/p>\n<p style=\"font-weight: 400;\">Certains sujets \u00e9voqu\u00e9s ont pu me sembler \u00e9loign\u00e9s des pr\u00e9occupations de nos concitoyens, tels que les \u00e9volutions du syst\u00e8me \u00e9lectoral. Il faut surtout qu\u2019on s\u2019att\u00e8le aux soucis des Fran\u00e7ais. L\u00e0 devrait \u00eatre notre exigence commune qui nous oblige, avec humilit\u00e9 et sang-froid loin de la cocotte-minute que peut repr\u00e9senter l\u2019h\u00e9micycle.<\/p>\n<p style=\"font-weight: 400;\">Cela \u00e9tant regrett\u00e9, je rejoins le Premier Ministre sur la n\u00e9cessit\u00e9 imp\u00e9rieuse de doter la France d\u2019un budget s\u00e9rieux en pr\u00e9servant les g\u00e9n\u00e9rations futures. Il y a urgence pour donner de la lisibilit\u00e9 et de la visibilit\u00e9 \u00e0 tous ceux qui en ont besoin pour lancer des investissements tant attendus.<\/p>\n<p style=\"font-weight: 400;\">C\u2019est la raison pour laquelle je souhaite que la France ne reste pas bloqu\u00e9e, que notre pays retrouve la stabilit\u00e9 gouvernementale, que les Fran\u00e7ais soient prot\u00e9g\u00e9s. Je souhaite ainsi notre r\u00e9ussite. Pour autant, je serai vigilant et exigeant \u00e0 l\u2019\u00e9gard du gouvernement sur ce qui sera effectivement propos\u00e9.<\/p>\n<p style=\"font-weight: 400;\">Alors que certains recherchent le chaos, je ne jouerai pas la politique du pire qui serait la pire des politiques. Point d\u2019opposition syst\u00e9matique de ma part, point non plus de validation automatique de tout et n\u2019importe quoi. Point d\u2019opportunisme non plus.<\/p>\n<p style=\"font-weight: 400;\">Vous connaissez mon engagement \u00e0 me prononcer en libert\u00e9. Je continuerai \u00e0 privil\u00e9gier le travail de fond, d\u00e9laissant les combines politiciennes. Je chercherai toujours \u00e0 \u00eatre force de propositions pour trouver des solutions adapt\u00e9es et ajust\u00e9es. Ainsi je veux continuer \u00e0 incarner une voix libre et responsable, afin de sortir la France de l\u2019impasse.<\/p>\n","protected":false},"excerpt":{"rendered":"<p>Le nouveau Premier Ministre, plus d\u2019un mois apr\u00e8s sa nomination le 13 d\u00e9cembre dernier, a enfin prononc\u00e9 son discours de politique g\u00e9n\u00e9rale ce mardi 14 janvier 2025. Cette attente a pu participer \u00e0 amplifier l\u2019inqui\u00e9tude de nombreux concitoyens concernant la situation de la France priv\u00e9e de budget pour 2025. J\u2019ai pu mesurer cette inqui\u00e9tude en&hellip; <br \/> <a class=\"button small blue\" href=\"https:\/\/thibaultbazin.fr\/index.php\/2025\/01\/14\/communique-reaction-au-discours-de-politique-generale-du-premier-ministre-francois-bayrou\/\">Lire la suite<\/a><\/p>\n","protected":false},"author":2,"featured_media":0,"comment_status":"open","ping_status":"open","sticky":false,"template":"","format":"standard","meta":[],"categories":[1224],"tags":[],"amp_enabled":true,"_links":{"self":[{"href":"https:\/\/thibaultbazin.fr\/index.php\/wp-json\/wp\/v2\/posts\/27473"}],"collection":[{"href":"https:\/\/thibaultbazin.fr\/index.php\/wp-json\/wp\/v2\/posts"}],"about":[{"href":"https:\/\/thibaultbazin.fr\/index.php\/wp-json\/wp\/v2\/types\/post"}],"author":[{"embeddable":true,"href":"https:\/\/thibaultbazin.fr\/index.php\/wp-json\/wp\/v2\/users\/2"}],"replies":[{"embeddable":true,"href":"https:\/\/thibaultbazin.fr\/index.php\/wp-json\/wp\/v2\/comments?post=27473"}],"version-history":[{"count":1,"href":"https:\/\/thibaultbazin.fr\/index.php\/wp-json\/wp\/v2\/posts\/27473\/revisions"}],"predecessor-version":[{"id":27474,"href":"https:\/\/thibaultbazin.fr\/index.php\/wp-json\/wp\/v2\/posts\/27473\/revisions\/27474"}],"wp:attachment":[{"href":"https:\/\/thibaultbazin.fr\/index.php\/wp-json\/wp\/v2\/media?parent=27473"}],"wp:term":[{"taxonomy":"category","embeddable":true,"href":"https:\/\/thibaultbazin.fr\/index.php\/wp-json\/wp\/v2\/categories?post=27473"},{"taxonomy":"post_tag","embeddable":true,"href":"https:\/\/thibaultbazin.fr\/index.php\/wp-json\/wp\/v2\/tags?post=27473"}],"curies":[{"name":"wp","href":"https:\/\/api.w.org\/{rel}","templated":true}]}}