{"id":4257,"date":"2018-10-21T12:00:33","date_gmt":"2018-10-21T10:00:33","guid":{"rendered":"http:\/\/thibaultbazin.fr\/?p=4257"},"modified":"2023-04-06T16:24:54","modified_gmt":"2023-04-06T14:24:54","slug":"agenda-semaine-43","status":"publish","type":"post","link":"https:\/\/thibaultbazin.fr\/index.php\/2018\/10\/21\/agenda-semaine-43\/","title":{"rendered":"Agenda -Semaine 43 2018"},"content":{"rendered":"<table width=\"650\">\n<tbody>\n<tr>\n<td style=\"text-align: justify;\" width=\"189\"><span style=\"font-size: 10pt;\"><strong><u>Lundi 22 Octobre 2018<\/u><\/strong><\/span><\/td>\n<td style=\"text-align: justify;\" width=\"461\"><span style=\"font-size: 10pt;\"><strong>10h00 <\/strong>\u2013 R\u00e9union des parlementaires avec Mr Denis Lannelongue, directeur g\u00e9n\u00e9ral de l\u2019ARS Grand Est (Agence R\u00e9gionale de Sant\u00e9) &#8211; Nancy<\/span><\/p>\n<p><span style=\"font-size: 10pt;\"><strong>12h30 \u2013 <\/strong>R\u00e9union avec le d\u00e9l\u00e9gu\u00e9 interminist\u00e9riel aux restructurations industrielles<\/span><\/td>\n<\/tr>\n<tr>\n<td style=\"text-align: justify;\" width=\"189\"><span style=\"font-size: 10pt;\"><strong><u>Mardi 23 Octobre 2018<\/u><\/strong><\/span><\/td>\n<td style=\"text-align: justify;\" width=\"461\"><span style=\"font-size: 10pt;\"><em>TGV Direction Paris<\/em><\/span><\/p>\n<p><span style=\"font-size: 10pt;\"><strong>15h00<\/strong> \u2013 S\u00e9ance publique \u2013 Questions au gouvernement + vote solennel sur la premi\u00e8re partie du budget<\/span><\/p>\n<p><span style=\"font-size: 10pt;\"><strong>18h00<\/strong> \u2013 Premi\u00e8re rencontre \u00ab\u00a0Parlement\/Chimie\u00a0\u00bb<\/span><\/p>\n<p><span style=\"font-size: 10pt;\"><strong>21h30<\/strong> \u2013 S\u00e9ance publique PLFSS (Projet de Loi de Financement de la S\u00e9curit\u00e9 Sociale)<\/span><\/td>\n<\/tr>\n<tr>\n<td style=\"text-align: justify;\" width=\"189\"><span style=\"font-size: 10pt;\"><strong><u>Mercredi 24 Octobre 2018<\/u><\/strong><\/span><\/td>\n<td style=\"text-align: justify;\" width=\"461\"><span style=\"font-size: 10pt;\"><strong>08h30 <\/strong>\u2013 Commission de la D\u00e9fense Nationale et des Forces Arm\u00e9es &#8211; Examen pour avis, ouvert \u00e0 la presse, des amendements de la commission et vote sur les cr\u00e9dits<\/span><\/p>\n<p><span style=\"font-size: 10pt;\"><strong>09h30<\/strong> \u2013 Commission des affaires \u00e9conomiques \u2013 mission coh\u00e9sion des territoires PLF 2019<\/span><\/p>\n<p><span style=\"font-size: 10pt;\"><strong>13h00<\/strong> \u2013 Rencontre avec les AFC &#8211; Paris<\/span><\/p>\n<p><span style=\"font-size: 10pt;\"><strong>15h00<\/strong> \u2013 S\u00e9ance publique \u2013 Questions au gouvernement<\/span><\/p>\n<p><span style=\"font-size: 10pt;\"><strong>21h30<\/strong> \u2013 S\u00e9ance publique PLFSS<\/span><\/td>\n<\/tr>\n<tr>\n<td style=\"text-align: justify;\" width=\"189\"><span style=\"font-size: 10pt;\"><strong><u>Jeudi 25 Octobre 2018 <\/u><\/strong><\/span><\/td>\n<td style=\"text-align: justify;\" width=\"461\"><span style=\"font-size: 10pt;\"><strong>08h00<\/strong> \u2013 Rencontre avec l\u2019enseignement catholique priv\u00e9 &#8211; Paris<\/span><\/p>\n<p><span style=\"font-size: 10pt;\"><strong>09h30<\/strong> \u2013 S\u00e9ance publique \u2013 Projet de loi des finances de la S\u00e9curit\u00e9 Sociale<\/span><\/p>\n<p><span style=\"font-size: 10pt;\"><strong>15h00<\/strong> \u2013 S\u00e9ance publique \u2013 PLFSS<\/span><\/p>\n<p><span style=\"font-size: 10pt;\"><strong>21h00<\/strong> &#8211; Commission \u00e9largie budget DEFENSE &#8211; ANCIENS COMBATTANTS<\/span><\/td>\n<\/tr>\n<tr>\n<td style=\"text-align: justify;\" width=\"189\"><span style=\"font-size: 10pt;\"><strong><u>Vendredi 26 Octobre 2018<\/u><\/strong><\/span><\/td>\n<td style=\"text-align: justify;\" width=\"461\"><span style=\"font-size: 10pt;\"><strong>09h30 <\/strong>\u2013 S\u00e9ance publique \u2013 PLFSS<\/span><\/p>\n<p><span style=\"font-size: 10pt;\"><em>Retour TGV circonscription<\/em><\/span><\/p>\n<p><span style=\"font-size: 10pt;\"><strong>18h30<\/strong> \u2013 Inauguration d\u2019un nouveau garage automobile \u2013 Rosi\u00e8res aux Salines<\/span><\/p>\n<p><span style=\"font-size: 10pt;\"><strong>20h30<\/strong> \u2013 Assembl\u00e9e g\u00e9n\u00e9rale SOS Gerb\u00e9viller<\/span><\/td>\n<\/tr>\n<tr>\n<td style=\"text-align: justify;\" width=\"189\"><span style=\"font-size: 10pt;\"><strong><u>Samedi 27 Octobre 2018<\/u><\/strong><\/span><\/td>\n<td style=\"text-align: justify;\" width=\"461\"><span style=\"font-size: 10pt;\"><strong>11h00<\/strong> \u2013 Inauguration parking Brouchoux \u2013 Saint Nicolas de Port<\/span><\/p>\n<p><span style=\"font-size: 10pt;\"><strong>14h00<\/strong> \u2013 Assembl\u00e9e g\u00e9n\u00e9rale du rucher du ch\u00e2teau &#8211; Lun\u00e9ville<\/span><\/td>\n<\/tr>\n<\/tbody>\n<\/table>\n<p><span style=\"font-size: 10pt;\"><strong><em>\u00ab\u00a0Cet agenda est donn\u00e9 \u00e0 titre pr\u00e9visionnel et indicatif, il est susceptible d\u2019\u00e9voluer. Les rendez-vous avec les particuliers ne sont pas d\u00e9taill\u00e9s\u00a0\u00bb.<\/em><\/strong><\/span><\/p>\n","protected":false},"excerpt":{"rendered":"<p>Lundi 22 Octobre 2018 10h00 \u2013 R\u00e9union des parlementaires avec Mr Denis Lannelongue, directeur g\u00e9n\u00e9ral de l\u2019ARS Grand Est (Agence R\u00e9gionale de Sant\u00e9) &#8211; Nancy 12h30 \u2013 R\u00e9union avec le d\u00e9l\u00e9gu\u00e9 interminist\u00e9riel aux restructurations industrielles Mardi 23 Octobre 2018 TGV Direction Paris 15h00 \u2013 S\u00e9ance publique \u2013 Questions au gouvernement + vote solennel sur la&hellip; <br \/> <a class=\"button small blue\" href=\"https:\/\/thibaultbazin.fr\/index.php\/2018\/10\/21\/agenda-semaine-43\/\">Lire la suite<\/a><\/p>\n","protected":false},"author":2,"featured_media":0,"comment_status":"open","ping_status":"open","sticky":false,"template":"","format":"standard","meta":[],"categories":[1184],"tags":[79],"amp_enabled":true,"_links":{"self":[{"href":"https:\/\/thibaultbazin.fr\/index.php\/wp-json\/wp\/v2\/posts\/4257"}],"collection":[{"href":"https:\/\/thibaultbazin.fr\/index.php\/wp-json\/wp\/v2\/posts"}],"about":[{"href":"https:\/\/thibaultbazin.fr\/index.php\/wp-json\/wp\/v2\/types\/post"}],"author":[{"embeddable":true,"href":"https:\/\/thibaultbazin.fr\/index.php\/wp-json\/wp\/v2\/users\/2"}],"replies":[{"embeddable":true,"href":"https:\/\/thibaultbazin.fr\/index.php\/wp-json\/wp\/v2\/comments?post=4257"}],"version-history":[{"count":2,"href":"https:\/\/thibaultbazin.fr\/index.php\/wp-json\/wp\/v2\/posts\/4257\/revisions"}],"predecessor-version":[{"id":20369,"href":"https:\/\/thibaultbazin.fr\/index.php\/wp-json\/wp\/v2\/posts\/4257\/revisions\/20369"}],"wp:attachment":[{"href":"https:\/\/thibaultbazin.fr\/index.php\/wp-json\/wp\/v2\/media?parent=4257"}],"wp:term":[{"taxonomy":"category","embeddable":true,"href":"https:\/\/thibaultbazin.fr\/index.php\/wp-json\/wp\/v2\/categories?post=4257"},{"taxonomy":"post_tag","embeddable":true,"href":"https:\/\/thibaultbazin.fr\/index.php\/wp-json\/wp\/v2\/tags?post=4257"}],"curies":[{"name":"wp","href":"https:\/\/api.w.org\/{rel}","templated":true}]}}