{"id":4709,"date":"2018-12-12T16:13:48","date_gmt":"2018-12-12T15:13:48","guid":{"rendered":"http:\/\/thibaultbazin.fr\/?p=4709"},"modified":"2023-05-09T14:57:46","modified_gmt":"2023-05-09T12:57:46","slug":"communique-sur-les-annonces-du-president-macron-faites-le-lundi-10-decembre-2018","status":"publish","type":"post","link":"https:\/\/thibaultbazin.fr\/index.php\/2018\/12\/12\/communique-sur-les-annonces-du-president-macron-faites-le-lundi-10-decembre-2018\/","title":{"rendered":"Communiqu\u00e9 sur les annonces du pr\u00e9sident MACRON faites le lundi 10 d\u00e9cembre 2018"},"content":{"rendered":"<p><strong>\u27a2 Je suis pour le r\u00e9tablissement de l\u2019ordre r\u00e9publicain :<\/strong><\/p>\n<p>Tout d\u2019abord, rien ne justifie violences et saccages commis encore samedi dernier, en particulier \u00e0<br \/>\nParis. Notre R\u00e9publique doit les condamner avec la plus grande fermet\u00e9.<br \/>\nDans le contexte marqu\u00e9 par un risque terroriste av\u00e9r\u00e9 comme les \u00e9v\u00e8nements de Strasbourg nous<br \/>\nl\u2019ont douloureusement rappel\u00e9 ce mardi, nous avons besoin que nos forces de l\u2019ordre soient<br \/>\nmobilis\u00e9es pour assurer notre protection au quotidien.<\/p>\n<p>&nbsp;<\/p>\n<p><strong>\u27a2 Je suis favorable aux mesures qui vont dans le bon sens :<\/strong><\/p>\n<p>\u2713 La suppression des hausses de taxes (essence, fioul domestique, gazole non routier\u2026).<br \/>\nEsp\u00e9rons que cela concernera non seulement l\u2019ann\u00e9e 2019 mais aussi le reste du<br \/>\nquinquennat.<br \/>\nDommage que le pr\u00e9sident de la R\u00e9publique n\u2019ait pas pris la mesure plus t\u00f4t du ras-le-bol<br \/>\nfiscal. Ce n\u2019est pas faute de l\u2019avoir alert\u00e9 mais le gouvernement est rest\u00e9 sourd. La goutte<br \/>\nd\u2019essence a fait tout d\u00e9border, le comportement du pr\u00e9sident de la R\u00e9publique a aussi<br \/>\n\u00e9t\u00e9 un combustible \u00e0 la col\u00e8re. Tant mieux s\u2019il a un peu compris que les Fran\u00e7ais n\u2019avaient<br \/>\npas appr\u00e9ci\u00e9 l\u2019arrogance, les petites phrases.<\/p>\n<p>\u2713 La d\u00e9fiscalisation des heures suppl\u00e9mentaires. Nous le r\u00e9clamions depuis sa suppression<br \/>\nen 2012. Cela concernera plus de 9 millions de personnes.<br \/>\nIl reste \u00e0 \u00ab d\u00e9socialiser \u00bb aussi les heures suppl\u00e9mentaires de la CSG pour revenir \u00e0 la<br \/>\npl\u00e9nitude du dispositif pratiqu\u00e9 sous le quinquennat Sarkozy, ce serait alors une<br \/>\nd\u00e9socialisation compl\u00e8te.<br \/>\nL\u2019am\u00e9lioration imm\u00e9diatement perceptible de ces mesures sera toute relative avec la<br \/>\nmise en place du pr\u00e9l\u00e8vement \u00e0 la source, diminuant le salaire net per\u00e7u par le salari\u00e9.<\/p>\n<p>&nbsp;<\/p>\n<p><strong>\u27a2 D\u2019autres mesures semblent positives mais sont \u00e0 nuancer selon moi. Les efforts r\u00e9els ne<\/strong><br \/>\n<strong>sont que partiels :<\/strong><\/p>\n<p>\u2756 L\u2019annulation de la hausse de la CSG pour les retrait\u00e9s dont la pension est comprise entre<br \/>\n1200 et 2000 euros par mois, par la cr\u00e9ation d\u2019une tranche interm\u00e9diaire de CSG \u00e0 6,6%<br \/>\npour pr\u00e8s de la moiti\u00e9 des retrait\u00e9s qui paient actuellement le taux plein de 8,3%. Il<br \/>\nfaudrait aussi pr\u00e9ciser le plafonnement pour les couples.<br \/>\nDommage que cette annulation de la hausse de la CSG ne concerne pas tous les retrait\u00e9s.<br \/>\nLes retrait\u00e9s vont surtout tous subir la d\u00e9sindexation par rapport \u00e0 l\u2019inflation. Les retraites<br \/>\nne progresseront que de 0,3% l\u2019an prochain alors qu\u2019elles auraient d\u00fb \u00eatre revaloris\u00e9es<br \/>\nd\u2019au moins 1,6%. Au total, cela repr\u00e9sente 2,8 milliards en 2019 d\u2019efforts demand\u00e9s aux<br \/>\nretrait\u00e9s.<\/p>\n<p>\u2756 Les \u00ab 100\u20ac en plus \u00bb pour ceux au SMIC. En r\u00e9alit\u00e9, une partie \u00e9tait pr\u00e9vue et sera prise<br \/>\nen charge par l\u2019entreprise. Le reste passera par une augmentation de la prime d\u2019activit\u00e9.<br \/>\nC\u2019\u00e9tait programm\u00e9 d\u2019ici la fin du quinquennat mais c\u2019est avanc\u00e9. Dommage que ces<br \/>\nmesures ne b\u00e9n\u00e9ficieront pas \u00e0 ceux qui per\u00e7oivent un revenu un peu sup\u00e9rieur au SMIC.<br \/>\nPr\u00e9cisons aussi que la prime d\u2019activit\u00e9 ne rentre pas dans le calcul de la retraite.<\/p>\n<p>\u2756 La prime de fin d\u2019ann\u00e9e va d\u00e9pendre des employeurs. Elle est facultative. Cette mesure<br \/>\nne pourra pas b\u00e9n\u00e9ficier \u00e0 tous les salari\u00e9s. En effet, les Tr\u00e8s Petites Entreprises ne<br \/>\npourront pas toutes la verser.<\/p>\n<p>&nbsp;<\/p>\n<p><strong>\u27a2 Je regrette l\u2019absence d\u2019autres mesures.<\/strong><\/p>\n<p>\u2022 Rien sur le financement des mesures. M\u00eame la contribution esp\u00e9r\u00e9e des GAFA \u2013 \u00e9valu\u00e9e<br \/>\n\u00e0 500 millions d\u2019euros \u2013 sera bien insuffisante pour couvrir les 10 milliards annonc\u00e9s. Qui<br \/>\nva payer ? Est-ce que ces mesures vont \u00eatre financ\u00e9es par de la dette suppl\u00e9mentaire ?<br \/>\nCela se traduira \u00e0 terme par de l\u2019imp\u00f4t suppl\u00e9mentaire pour la financer ? Esp\u00e9rons que<br \/>\ncette pause fiscale finalement consentie ne soit pas le pr\u00e9lude \u00e0 une augmentation plus<br \/>\nforte d\u2019imp\u00f4ts demain.<\/p>\n<p>\u2022 Rien pour accompagner les artisans et commer\u00e7ants qui ont subi de plein fouet la crise.<br \/>\nDe nombreuses entreprises ont d\u00e9ploy\u00e9 du ch\u00f4mage partiel. De premi\u00e8res \u00e9valuations<br \/>\nchiffrent \u00e0 0,2 point de PIB l\u2019impact du mouvement. Esp\u00e9rons une reprise de l\u2019activit\u00e9<br \/>\ncommerciale au plus vite.<\/p>\n<p>\u2022 Rien pour de nombreux foyers des classes moyennes qui restent sur le \u00ab carreau \u00bb, rien<br \/>\npour les professions lib\u00e9rales, rien pour les agriculteurs. Ils ne verront pas leur pouvoir<br \/>\nd\u2019achat augmenter. Pire le pr\u00e9l\u00e8vement \u00e0 la source diminuera le salaire net per\u00e7u \u00e0 partir<br \/>\nde janvier. Les classes moyennes sont encore les oubli\u00e9es.<\/p>\n<p>\u2022 Rien sur les fractures territoriales. La mesure symbolique de l\u2019abandon des 80 km\/h \u00e9tait<br \/>\npourtant attendue, le pr\u00e9sident parlant m\u00eame vendredi dernier d\u2019une \u00ab connerie \u00bb.<br \/>\n\u2022 Rien sur l\u2019attente de nombreux \u00ab gilets jaunes \u00bb \u00e0 l\u2019assouplissement des conditions pour<br \/>\nmettre en \u0153uvre un referendum d\u2019initiative citoyenne (par l\u2019abaissement du seuil).<\/p>\n<p>\u2022 Rien non plus sur la demande l\u00e9gitime de pouvoir r\u00e9ussir \u00e0 vivre de leur travail. La r\u00e9ponse<br \/>\napport\u00e9e n\u2019est pas structurellement ad\u00e9quate : un compl\u00e9ment donn\u00e9 par l\u2019Etat, qui ne<br \/>\nparticipe pas au financement de la retraite.<\/p>\n<p>&nbsp;<\/p>\n<p>L\u2019allocution du Pr\u00e9sident de la R\u00e9publique signe l\u2019aveu de 18 mois d\u2019\u00e9checs sur le fond et sur la<br \/>\nforme de la politique men\u00e9e par le gouvernement et la majorit\u00e9 EN MARCHE-MODEM. Il a enfin<br \/>\nrecul\u00e9 sur des mesures que nous d\u00e9noncions depuis des mois comme la hausse de la CSG et la<br \/>\nhausse des taxes. Il a enfin repris des propositions que nous avions \u00e9mises comme la d\u00e9fiscalisation<br \/>\ndes heures suppl\u00e9mentaires. La r\u00e9ponse apport\u00e9e va dans le bon sens mais semble insuffisante sur<br \/>\nle long terme.<\/p>\n","protected":false},"excerpt":{"rendered":"<p>\u27a2 Je suis pour le r\u00e9tablissement de l\u2019ordre r\u00e9publicain : Tout d\u2019abord, rien ne justifie violences et saccages commis encore samedi dernier, en particulier \u00e0 Paris. Notre R\u00e9publique doit les condamner avec la plus grande fermet\u00e9. Dans le contexte marqu\u00e9 par un risque terroriste av\u00e9r\u00e9 comme les \u00e9v\u00e8nements de Strasbourg nous l\u2019ont douloureusement rappel\u00e9 ce&hellip; <br \/> <a class=\"button small blue\" href=\"https:\/\/thibaultbazin.fr\/index.php\/2018\/12\/12\/communique-sur-les-annonces-du-president-macron-faites-le-lundi-10-decembre-2018\/\">Lire la suite<\/a><\/p>\n","protected":false},"author":2,"featured_media":0,"comment_status":"open","ping_status":"open","sticky":false,"template":"","format":"standard","meta":[],"categories":[1224],"tags":[],"amp_enabled":true,"_links":{"self":[{"href":"https:\/\/thibaultbazin.fr\/index.php\/wp-json\/wp\/v2\/posts\/4709"}],"collection":[{"href":"https:\/\/thibaultbazin.fr\/index.php\/wp-json\/wp\/v2\/posts"}],"about":[{"href":"https:\/\/thibaultbazin.fr\/index.php\/wp-json\/wp\/v2\/types\/post"}],"author":[{"embeddable":true,"href":"https:\/\/thibaultbazin.fr\/index.php\/wp-json\/wp\/v2\/users\/2"}],"replies":[{"embeddable":true,"href":"https:\/\/thibaultbazin.fr\/index.php\/wp-json\/wp\/v2\/comments?post=4709"}],"version-history":[{"count":1,"href":"https:\/\/thibaultbazin.fr\/index.php\/wp-json\/wp\/v2\/posts\/4709\/revisions"}],"predecessor-version":[{"id":4710,"href":"https:\/\/thibaultbazin.fr\/index.php\/wp-json\/wp\/v2\/posts\/4709\/revisions\/4710"}],"wp:attachment":[{"href":"https:\/\/thibaultbazin.fr\/index.php\/wp-json\/wp\/v2\/media?parent=4709"}],"wp:term":[{"taxonomy":"category","embeddable":true,"href":"https:\/\/thibaultbazin.fr\/index.php\/wp-json\/wp\/v2\/categories?post=4709"},{"taxonomy":"post_tag","embeddable":true,"href":"https:\/\/thibaultbazin.fr\/index.php\/wp-json\/wp\/v2\/tags?post=4709"}],"curies":[{"name":"wp","href":"https:\/\/api.w.org\/{rel}","templated":true}]}}