{"id":4761,"date":"2018-12-12T07:50:54","date_gmt":"2018-12-12T06:50:54","guid":{"rendered":"http:\/\/thibaultbazin.fr\/?p=4761"},"modified":"2022-07-07T19:24:26","modified_gmt":"2022-07-07T17:24:26","slug":"marche-de-noel-attaque","status":"publish","type":"post","link":"https:\/\/thibaultbazin.fr\/index.php\/2018\/12\/12\/marche-de-noel-attaque\/","title":{"rendered":"March\u00e9 de No\u00ebl attaqu\u00e9"},"content":{"rendered":"<p>Terrible attentat ce mardi soir \u00e0 Strasbourg<br \/>\nLe terrorisme\u00a0<span class=\"_5mfr\"><span class=\"_6qdm\">\ud83d\udc80<\/span><\/span>\u00a0a encore frapp\u00e9 notre sol national\u00a0<span class=\"_5mfr\"><span class=\"_6qdm\">\ud83c\uddeb\ud83c\uddf7<\/span><\/span>\u00a0.<\/p>\n<div class=\"text_exposed_show\">\n<p>Pens\u00e9es aux familles des trois victimes &amp; aux douze bless\u00e9s dont six en urgence absolue, bon r\u00e9tablissement \u00e0 eux\u00a0<span class=\"_5mfr\"><span class=\"_6qdm\">\ud83c\udfe5<\/span><\/span>\u00a0.<\/p>\n<p>Reconnaissance aux forces de l\u2019ordre\u00a0<span class=\"_5mfr\"><span class=\"_6qdm\">\ud83d\ude94<\/span><\/span>\u00a0<span class=\"_5mfr\"><span class=\"_6qdm\">\ud83d\udc6e\u200d\u2640\ufe0f<\/span><\/span>\u00a0qui traquent encore l\u2019assaillant, aux services de secours\u00a0<span class=\"_5mfr\"><span class=\"_6qdm\">\ud83d\ude92<\/span><\/span>\u00a0<span class=\"_5mfr\"><span class=\"_6qdm\">\ud83d\udc68\u200d\ud83d\ude92<\/span><\/span>\u00a0et au personnel soignant\u00a0<span class=\"_5mfr\"><span class=\"_6qdm\">\ud83d\ude91<\/span><\/span>\u00a0<span class=\"_5mfr\"><span class=\"_6qdm\">\ud83d\udc68\u200d\u2695\ufe0f<\/span><\/span>\u00a0au chevet des bless\u00e9s.<\/p>\n<p>Soutien au march\u00e9 de No\u00ebl\u00a0<span class=\"_5mfr\"><span class=\"_6qdm\">\ud83e\udd36<\/span><\/span>\u00a0<span class=\"_5mfr\"><span class=\"_6qdm\">\ud83c\udf84<\/span><\/span>\u00a0pour que la vie soit PLUS forte que la barbarie !<\/p>\n<p>Il faudra aussi tirer demain tous les enseignements afin de mieux lutter contre les radicalis\u00e9s connus de nos services.<\/p>\n<p><a href=\"https:\/\/thibaultbazin.fr\/wp-content\/uploads\/2019\/01\/48078908_535658160241220_1449720821550415872_n.jpg\"><img decoding=\"async\" class=\"alignleft size-thumbnail wp-image-4762\" src=\"https:\/\/thibaultbazin.fr\/wp-content\/uploads\/2019\/01\/48078908_535658160241220_1449720821550415872_n-150x150.jpg\" alt=\"\" width=\"150\" height=\"150\" \/><\/a> <a href=\"https:\/\/thibaultbazin.fr\/wp-content\/uploads\/2019\/01\/48357915_535658156907887_4894659041076183040_n.jpg\"><img decoding=\"async\" class=\"alignleft size-thumbnail wp-image-4763\" src=\"https:\/\/thibaultbazin.fr\/wp-content\/uploads\/2019\/01\/48357915_535658156907887_4894659041076183040_n-150x150.jpg\" alt=\"\" width=\"150\" height=\"150\" \/><\/a><\/p>\n<p>&nbsp;<\/p>\n<\/div>\n","protected":false},"excerpt":{"rendered":"<p>Terrible attentat ce mardi soir \u00e0 Strasbourg Le terrorisme\u00a0\ud83d\udc80\u00a0a encore frapp\u00e9 notre sol national\u00a0\ud83c\uddeb\ud83c\uddf7\u00a0. Pens\u00e9es aux familles des trois victimes &amp; aux douze bless\u00e9s dont six en urgence absolue, bon r\u00e9tablissement \u00e0 eux\u00a0\ud83c\udfe5\u00a0. Reconnaissance aux forces de l\u2019ordre\u00a0\ud83d\ude94\u00a0\ud83d\udc6e\u200d\u2640\ufe0f\u00a0qui traquent encore l\u2019assaillant, aux services de secours\u00a0\ud83d\ude92\u00a0\ud83d\udc68\u200d\ud83d\ude92\u00a0et au personnel soignant\u00a0\ud83d\ude91\u00a0\ud83d\udc68\u200d\u2695\ufe0f\u00a0au chevet des bless\u00e9s. Soutien au march\u00e9 de&hellip; <br \/> <a class=\"button small blue\" href=\"https:\/\/thibaultbazin.fr\/index.php\/2018\/12\/12\/marche-de-noel-attaque\/\">Lire la suite<\/a><\/p>\n","protected":false},"author":2,"featured_media":0,"comment_status":"open","ping_status":"open","sticky":false,"template":"","format":"standard","meta":[],"categories":[1],"tags":[484],"amp_enabled":true,"_links":{"self":[{"href":"https:\/\/thibaultbazin.fr\/index.php\/wp-json\/wp\/v2\/posts\/4761"}],"collection":[{"href":"https:\/\/thibaultbazin.fr\/index.php\/wp-json\/wp\/v2\/posts"}],"about":[{"href":"https:\/\/thibaultbazin.fr\/index.php\/wp-json\/wp\/v2\/types\/post"}],"author":[{"embeddable":true,"href":"https:\/\/thibaultbazin.fr\/index.php\/wp-json\/wp\/v2\/users\/2"}],"replies":[{"embeddable":true,"href":"https:\/\/thibaultbazin.fr\/index.php\/wp-json\/wp\/v2\/comments?post=4761"}],"version-history":[{"count":1,"href":"https:\/\/thibaultbazin.fr\/index.php\/wp-json\/wp\/v2\/posts\/4761\/revisions"}],"predecessor-version":[{"id":4764,"href":"https:\/\/thibaultbazin.fr\/index.php\/wp-json\/wp\/v2\/posts\/4761\/revisions\/4764"}],"wp:attachment":[{"href":"https:\/\/thibaultbazin.fr\/index.php\/wp-json\/wp\/v2\/media?parent=4761"}],"wp:term":[{"taxonomy":"category","embeddable":true,"href":"https:\/\/thibaultbazin.fr\/index.php\/wp-json\/wp\/v2\/categories?post=4761"},{"taxonomy":"post_tag","embeddable":true,"href":"https:\/\/thibaultbazin.fr\/index.php\/wp-json\/wp\/v2\/tags?post=4761"}],"curies":[{"name":"wp","href":"https:\/\/api.w.org\/{rel}","templated":true}]}}