{"id":4765,"date":"2018-12-13T09:46:07","date_gmt":"2018-12-13T08:46:07","guid":{"rendered":"http:\/\/thibaultbazin.fr\/?p=4765"},"modified":"2022-07-07T19:24:26","modified_gmt":"2022-07-07T17:24:26","slug":"au-sommet-interparlementaire-g5-sahel-burkina-faso-mali-mauritanie-niger-tchad-ce-matin-a-lassemblee-nationale-en-salle-lamartine","status":"publish","type":"post","link":"https:\/\/thibaultbazin.fr\/index.php\/2018\/12\/13\/au-sommet-interparlementaire-g5-sahel-burkina-faso-mali-mauritanie-niger-tchad-ce-matin-a-lassemblee-nationale-en-salle-lamartine\/","title":{"rendered":"Au sommet interparlementaire G5 Sahel (Burkina Faso, Mali, Mauritanie, Niger, Tchad) ce matin \u00e0 l\u2019Assembl\u00e9e Nationale en salle Lamartine"},"content":{"rendered":"<p>J\u2019y participe en tant que pr\u00e9sident du groupe d\u2019amiti\u00e9 parlementaire France-Tchad.<\/p>\n<p>Les d\u00e9fis du Sahel :<span class=\"text_exposed_show\"><br \/>\n<span class=\"_5mfr\"><span class=\"_6qdm\">\u23f9<\/span><\/span>\u00a0la lutte contre les menaces s\u00e9curitaires, notamment les mouvements terroristes : renforcer d\u2019une part les moyens des arm\u00e9es nationales du Sahel, d\u2019autre part les moyens pour assurer les services publics de base comme l\u2019\u00e9ducation, l\u2019emploi, la sant\u00e9, l\u2019eau, l\u2019hygi\u00e8ne, l\u2019assainissement&#8230;<br \/>\n<span class=\"_5mfr\"><span class=\"_6qdm\">\u23f9<\/span><\/span>\u00a0un durcissement des l\u00e9gislations et des actions r\u00e9pressives a l\u2019\u00e9gard des passeurs et trafiquants, am\u00e9liorer la gestion des fronti\u00e8res, traiter les causes profondes des migrations<br \/>\n<span class=\"_5mfr\"><span class=\"_6qdm\">\u23f9<\/span><\/span>\u00a0la lutte contre l\u2019extr\u00eame pauvret\u00e9 (30% de la population), l\u2019\u00e9ducation avec encore 7,6 millions de jeunes analphab\u00e8tes, la formation des jeunes avec le d\u00e9veloppement d\u2019un enseignement professionnel et technique, la lutte contre les trafics illicites, 30% de la population sah\u00e9lienne en situation d\u2019ins\u00e9curit\u00e9 alimentaire, l\u2019acc\u00e8s \u00e0 l\u2019\u00e9lectricit\u00e9 avec un taux de seulement 19% d\u2019\u00e9lectrification<\/span><\/p>\n<div class=\"text_exposed_show\">\n<p>OBJECTIF : RENFORCER LE CONTR\u00d4LE PARLEMENTAIRE POUR FAIRE R\u00c9USSIR LE G5 SAHEL<\/p>\n<p><span class=\"_5mfr\"><span class=\"_6qdm\">\u27a1\ufe0f<\/span><\/span>\u00a0Les parlementaires appellent \u00e0 un renforcement du contr\u00f4le des financements internationaux et de leur utilisation, par une information syst\u00e9matique, par l\u2019audition des bailleurs et op\u00e9rateurs internationaux, par le suivi de l\u2019ex\u00e9cution des conventions, par un meilleur suivi budg\u00e9taire.<\/p>\n<p><span class=\"_5mfr\"><span class=\"_6qdm\">\u27a1<\/span><\/span>\u00a0Les parlementaires demandent aux gouvernements et aux bailleurs un renforcement de leurs moyens de contr\u00f4le de l\u2019aide internationale par les gouvernements, qui devraient \u00eatre pr\u00e9cis\u00e9s dans les conventions de financement.<\/p>\n<p><a href=\"https:\/\/thibaultbazin.fr\/wp-content\/uploads\/2019\/01\/48209158_536237896849913_2413266115586162688_n.jpg\"><img decoding=\"async\" class=\"alignleft size-thumbnail wp-image-4766\" src=\"https:\/\/thibaultbazin.fr\/wp-content\/uploads\/2019\/01\/48209158_536237896849913_2413266115586162688_n-150x150.jpg\" alt=\"\" width=\"150\" height=\"150\" \/><\/a> <a href=\"https:\/\/thibaultbazin.fr\/wp-content\/uploads\/2019\/01\/48226642_536237906849912_8821014582827941888_n.jpg\"><img decoding=\"async\" class=\"alignleft size-thumbnail wp-image-4767\" src=\"https:\/\/thibaultbazin.fr\/wp-content\/uploads\/2019\/01\/48226642_536237906849912_8821014582827941888_n-150x150.jpg\" alt=\"\" width=\"150\" height=\"150\" \/><\/a> <a href=\"https:\/\/thibaultbazin.fr\/wp-content\/uploads\/2019\/01\/48373192_536237900183246_9201738905060114432_n.jpg\"><img decoding=\"async\" class=\"alignleft size-thumbnail wp-image-4768\" src=\"https:\/\/thibaultbazin.fr\/wp-content\/uploads\/2019\/01\/48373192_536237900183246_9201738905060114432_n-150x150.jpg\" alt=\"\" width=\"150\" height=\"150\" \/><\/a><\/p>\n<\/div>\n","protected":false},"excerpt":{"rendered":"<p>J\u2019y participe en tant que pr\u00e9sident du groupe d\u2019amiti\u00e9 parlementaire France-Tchad. Les d\u00e9fis du Sahel : \u23f9\u00a0la lutte contre les menaces s\u00e9curitaires, notamment les mouvements terroristes : renforcer d\u2019une part les moyens des arm\u00e9es nationales du Sahel, d\u2019autre part les moyens pour assurer les services publics de base comme l\u2019\u00e9ducation, l\u2019emploi, la sant\u00e9, l\u2019eau, l\u2019hygi\u00e8ne,&hellip; <br \/> <a class=\"button small blue\" href=\"https:\/\/thibaultbazin.fr\/index.php\/2018\/12\/13\/au-sommet-interparlementaire-g5-sahel-burkina-faso-mali-mauritanie-niger-tchad-ce-matin-a-lassemblee-nationale-en-salle-lamartine\/\">Lire la suite<\/a><\/p>\n","protected":false},"author":2,"featured_media":0,"comment_status":"open","ping_status":"open","sticky":false,"template":"","format":"standard","meta":[],"categories":[1],"tags":[485],"amp_enabled":true,"_links":{"self":[{"href":"https:\/\/thibaultbazin.fr\/index.php\/wp-json\/wp\/v2\/posts\/4765"}],"collection":[{"href":"https:\/\/thibaultbazin.fr\/index.php\/wp-json\/wp\/v2\/posts"}],"about":[{"href":"https:\/\/thibaultbazin.fr\/index.php\/wp-json\/wp\/v2\/types\/post"}],"author":[{"embeddable":true,"href":"https:\/\/thibaultbazin.fr\/index.php\/wp-json\/wp\/v2\/users\/2"}],"replies":[{"embeddable":true,"href":"https:\/\/thibaultbazin.fr\/index.php\/wp-json\/wp\/v2\/comments?post=4765"}],"version-history":[{"count":1,"href":"https:\/\/thibaultbazin.fr\/index.php\/wp-json\/wp\/v2\/posts\/4765\/revisions"}],"predecessor-version":[{"id":4769,"href":"https:\/\/thibaultbazin.fr\/index.php\/wp-json\/wp\/v2\/posts\/4765\/revisions\/4769"}],"wp:attachment":[{"href":"https:\/\/thibaultbazin.fr\/index.php\/wp-json\/wp\/v2\/media?parent=4765"}],"wp:term":[{"taxonomy":"category","embeddable":true,"href":"https:\/\/thibaultbazin.fr\/index.php\/wp-json\/wp\/v2\/categories?post=4765"},{"taxonomy":"post_tag","embeddable":true,"href":"https:\/\/thibaultbazin.fr\/index.php\/wp-json\/wp\/v2\/tags?post=4765"}],"curies":[{"name":"wp","href":"https:\/\/api.w.org\/{rel}","templated":true}]}}