{"id":4770,"date":"2018-12-14T12:40:08","date_gmt":"2018-12-14T11:40:08","guid":{"rendered":"http:\/\/thibaultbazin.fr\/?p=4770"},"modified":"2023-03-10T15:09:39","modified_gmt":"2023-03-10T14:09:39","slug":"question-ecrite-soutien-equitable-aux-ecoles","status":"publish","type":"post","link":"https:\/\/thibaultbazin.fr\/index.php\/2018\/12\/14\/question-ecrite-soutien-equitable-aux-ecoles\/","title":{"rendered":"QUESTION \u00c9CRITE &#8211; soutien \u00e9quitable aux \u00e9coles"},"content":{"rendered":"<p>J\u2019ai attir\u00e9 l&rsquo;attention du ministre de l&rsquo;\u00e9ducation nationale et de la jeunesse la n\u00e9cessit\u00e9 d&rsquo;\u00e9tendre le d\u00e9doublement des CP et CE1, r\u00e9serv\u00e9 jusqu&rsquo;\u00e0 pr\u00e9sent aux zones REP et REP+, \u00e0 d&rsquo;autres territoires qui accueillent aussi des \u00e9l\u00e8ves d\u00e9favoris\u00e9s.<br \/>\nEn effet, ces classes \u00e0 effectif r\u00e9duit permettent aux \u00e9l\u00e8ves d&rsquo;acqu\u00e9rir plus rapidement les comp\u00e9tences demand\u00e9es.<br \/>\nJ\u2019ai demand\u00e9 au Gouvernement s\u2019il entend \u00e9tendre cette mesure de\u00a0<span class=\"text_exposed_show\">justice sociale dans les \u00e9coles qui accueillent plus de 50 % d&rsquo;\u00e9l\u00e8ves habitant dans les quartiers prioritaires de la ville (QPV) ou en zone de revitalisation rurale (ZRR).<\/span><\/p>\n<p><a href=\"http:\/\/questions.assemblee-nationale.fr\/q15\/15-14993QE.htm?fbclid=IwAR0x-SBLToIQdJCrusjr1ShVx3YJ-nTJJR_JYA4PBUPVBD3_eGA0axPmC7s\">http:\/\/questions.assemblee-nationale.fr\/q15\/15-14993QE.htm?fbclid=IwAR0x-SBLToIQdJCrusjr1ShVx3YJ-nTJJR_JYA4PBUPVBD3_eGA0axPmC7s<\/a><\/p>\n","protected":false},"excerpt":{"rendered":"<p>J\u2019ai attir\u00e9 l&rsquo;attention du ministre de l&rsquo;\u00e9ducation nationale et de la jeunesse la n\u00e9cessit\u00e9 d&rsquo;\u00e9tendre le d\u00e9doublement des CP et CE1, r\u00e9serv\u00e9 jusqu&rsquo;\u00e0 pr\u00e9sent aux zones REP et REP+, \u00e0 d&rsquo;autres territoires qui accueillent aussi des \u00e9l\u00e8ves d\u00e9favoris\u00e9s. En effet, ces classes \u00e0 effectif r\u00e9duit permettent aux \u00e9l\u00e8ves d&rsquo;acqu\u00e9rir plus rapidement les comp\u00e9tences demand\u00e9es. J\u2019ai&hellip; <br \/> <a class=\"button small blue\" href=\"https:\/\/thibaultbazin.fr\/index.php\/2018\/12\/14\/question-ecrite-soutien-equitable-aux-ecoles\/\">Lire la suite<\/a><\/p>\n","protected":false},"author":2,"featured_media":0,"comment_status":"open","ping_status":"open","sticky":false,"template":"","format":"standard","meta":[],"categories":[1059],"tags":[486,487],"amp_enabled":true,"_links":{"self":[{"href":"https:\/\/thibaultbazin.fr\/index.php\/wp-json\/wp\/v2\/posts\/4770"}],"collection":[{"href":"https:\/\/thibaultbazin.fr\/index.php\/wp-json\/wp\/v2\/posts"}],"about":[{"href":"https:\/\/thibaultbazin.fr\/index.php\/wp-json\/wp\/v2\/types\/post"}],"author":[{"embeddable":true,"href":"https:\/\/thibaultbazin.fr\/index.php\/wp-json\/wp\/v2\/users\/2"}],"replies":[{"embeddable":true,"href":"https:\/\/thibaultbazin.fr\/index.php\/wp-json\/wp\/v2\/comments?post=4770"}],"version-history":[{"count":1,"href":"https:\/\/thibaultbazin.fr\/index.php\/wp-json\/wp\/v2\/posts\/4770\/revisions"}],"predecessor-version":[{"id":4771,"href":"https:\/\/thibaultbazin.fr\/index.php\/wp-json\/wp\/v2\/posts\/4770\/revisions\/4771"}],"wp:attachment":[{"href":"https:\/\/thibaultbazin.fr\/index.php\/wp-json\/wp\/v2\/media?parent=4770"}],"wp:term":[{"taxonomy":"category","embeddable":true,"href":"https:\/\/thibaultbazin.fr\/index.php\/wp-json\/wp\/v2\/categories?post=4770"},{"taxonomy":"post_tag","embeddable":true,"href":"https:\/\/thibaultbazin.fr\/index.php\/wp-json\/wp\/v2\/tags?post=4770"}],"curies":[{"name":"wp","href":"https:\/\/api.w.org\/{rel}","templated":true}]}}