{"id":6166,"date":"2019-06-03T06:20:21","date_gmt":"2019-06-03T04:20:21","guid":{"rendered":"http:\/\/thibaultbazin.fr\/?p=6166"},"modified":"2022-07-07T19:31:50","modified_gmt":"2022-07-07T17:31:50","slug":"un-de-mes-collaborateurs-parlementaires-sera-present-ce-mercredi-a-17h-a-art-sur-meurthe-pour-assurer-une-permanence-decentralisee-afin-de-recueillir-les-attentes-des-habitants-des-e","status":"publish","type":"post","link":"https:\/\/thibaultbazin.fr\/index.php\/2019\/06\/03\/un-de-mes-collaborateurs-parlementaires-sera-present-ce-mercredi-a-17h-a-art-sur-meurthe-pour-assurer-une-permanence-decentralisee-afin-de-recueillir-les-attentes-des-habitants-des-e\/","title":{"rendered":"Un de mes collaborateurs parlementaires sera pr\u00e9sent ce mercredi \u00e0 17h \u00e0 Art-Sur-Meurthe pour assurer une \u201cpermanence d\u00e9centralis\u00e9e\u201d afin de recueillir les attentes des habitants des environs"},"content":{"rendered":"<p>Merci \u00e0 la\u00a0Ville d&rsquo;Art sur Meurthe\u00a0et \u00e0 son maire\u00a0Jean-Pierre Dessein\u00a0d\u2019avoir accept\u00e9.<\/p>\n<p><a href=\"https:\/\/thibaultbazin.fr\/wp-content\/uploads\/2019\/06\/61622526_624936327980069_1999662487263248384_n.jpg\"><img fetchpriority=\"high\" decoding=\"async\" class=\"aligncenter size-full wp-image-6167\" src=\"https:\/\/thibaultbazin.fr\/wp-content\/uploads\/2019\/06\/61622526_624936327980069_1999662487263248384_n.jpg\" alt=\"\" width=\"960\" height=\"960\" srcset=\"https:\/\/thibaultbazin.fr\/wp-content\/uploads\/2019\/06\/61622526_624936327980069_1999662487263248384_n.jpg 960w, https:\/\/thibaultbazin.fr\/wp-content\/uploads\/2019\/06\/61622526_624936327980069_1999662487263248384_n-150x150.jpg 150w, https:\/\/thibaultbazin.fr\/wp-content\/uploads\/2019\/06\/61622526_624936327980069_1999662487263248384_n-300x300.jpg 300w, https:\/\/thibaultbazin.fr\/wp-content\/uploads\/2019\/06\/61622526_624936327980069_1999662487263248384_n-768x768.jpg 768w\" sizes=\"(max-width: 960px) 100vw, 960px\" \/><\/a><\/p>\n","protected":false},"excerpt":{"rendered":"<p>Merci \u00e0 la\u00a0Ville d&rsquo;Art sur Meurthe\u00a0et \u00e0 son maire\u00a0Jean-Pierre Dessein\u00a0d\u2019avoir accept\u00e9.<\/p>\n","protected":false},"author":2,"featured_media":0,"comment_status":"open","ping_status":"open","sticky":false,"template":"","format":"standard","meta":[],"categories":[1],"tags":[137],"amp_enabled":true,"_links":{"self":[{"href":"https:\/\/thibaultbazin.fr\/index.php\/wp-json\/wp\/v2\/posts\/6166"}],"collection":[{"href":"https:\/\/thibaultbazin.fr\/index.php\/wp-json\/wp\/v2\/posts"}],"about":[{"href":"https:\/\/thibaultbazin.fr\/index.php\/wp-json\/wp\/v2\/types\/post"}],"author":[{"embeddable":true,"href":"https:\/\/thibaultbazin.fr\/index.php\/wp-json\/wp\/v2\/users\/2"}],"replies":[{"embeddable":true,"href":"https:\/\/thibaultbazin.fr\/index.php\/wp-json\/wp\/v2\/comments?post=6166"}],"version-history":[{"count":1,"href":"https:\/\/thibaultbazin.fr\/index.php\/wp-json\/wp\/v2\/posts\/6166\/revisions"}],"predecessor-version":[{"id":6168,"href":"https:\/\/thibaultbazin.fr\/index.php\/wp-json\/wp\/v2\/posts\/6166\/revisions\/6168"}],"wp:attachment":[{"href":"https:\/\/thibaultbazin.fr\/index.php\/wp-json\/wp\/v2\/media?parent=6166"}],"wp:term":[{"taxonomy":"category","embeddable":true,"href":"https:\/\/thibaultbazin.fr\/index.php\/wp-json\/wp\/v2\/categories?post=6166"},{"taxonomy":"post_tag","embeddable":true,"href":"https:\/\/thibaultbazin.fr\/index.php\/wp-json\/wp\/v2\/tags?post=6166"}],"curies":[{"name":"wp","href":"https:\/\/api.w.org\/{rel}","templated":true}]}}