{"id":8425,"date":"2020-04-04T20:50:20","date_gmt":"2020-04-04T18:50:20","guid":{"rendered":"http:\/\/thibaultbazin.fr\/?p=8425"},"modified":"2022-07-07T19:43:20","modified_gmt":"2022-07-07T17:43:20","slug":"la-coiffure-a-domicile-serait-autorisee-mais-fortement-deconseillee","status":"publish","type":"post","link":"https:\/\/thibaultbazin.fr\/index.php\/2020\/04\/04\/la-coiffure-a-domicile-serait-autorisee-mais-fortement-deconseillee\/","title":{"rendered":"La coiffure \u00e0 domicile serait autoris\u00e9e mais fortement d\u00e9conseill\u00e9e"},"content":{"rendered":"<p style=\"text-align: justify;\">(Publication mise \u00e0 jour le 6 avril 2020 \u00e0 la suite des pr\u00e9cisions obtenues du pr\u00e9fet puisque je n\u2019avais pas la m\u00eame interpr\u00e9tation que lui voir ci dessous)<\/p>\n<p style=\"text-align: justify;\">Samedi 4 avril, plusieurs personnes m\u2019ont demand\u00e9 si la coiffure \u00e0 domicile \u00e9tait autoris\u00e9e.<span class=\"text_exposed_show\"><br \/>\nPensant que c\u2019\u00e9tait interdit d\u2019apr\u00e8s ce que j\u2019avais lu, je leur ai r\u00e9pondu n\u00e9gativement.<\/span><\/p>\n<div class=\"text_exposed_show\">\n<p style=\"text-align: justify;\">Certains m\u2019ont r\u00e9torqu\u00e9 ensuite que la Prefecture de Meurthe-et-Moselle avait indiqu\u00e9 que la coiffure \u00e0 domicile \u00e9tait autoris\u00e9e. Cela m\u2019a fortement surpris.<\/p>\n<p style=\"text-align: justify;\">Apr\u00e8s un \u00e9change direct samedi 4 avril en fin d\u2019apr\u00e8s midi avec le pr\u00e9fet de Meurthe-et-Moselle pour savoir ce qu\u2019il en \u00e9tait, ce dernier m\u2019a indiqu\u00e9 que la coiffure \u00e0 domicile est autoris\u00e9e.<br \/>\nJ\u2019ai alors diffus\u00e9 cette r\u00e9ponse de la pr\u00e9fecture (pas de moi !).<\/p>\n<p style=\"text-align: justify;\">Mais j\u2019ai indiqu\u00e9 au pr\u00e9fet en fin de soir\u00e9e samedi 4 avril qu\u2019il y avait une profonde incompr\u00e9hension et une profonde confusion sur le sujet.<br \/>\nIl l\u2019a \u00ab remont\u00e9 \u00bb \u00e0 Paris.<\/p>\n<p style=\"text-align: justify;\">PR\u00c9CISIONS OBTENUES DU PR\u00c9FET DE MEURTHE ET MOSELLE LE 6 AVRIL 2020 \u00e0 17h<\/p>\n<p style=\"text-align: justify;\">\u00ab Le d\u00e9cret du 23 mars 2020 interdit seulement l&rsquo;ouverture au public de tous les \u00e9tablissements (sauf d\u00e9rogations pr\u00e9vues).<br \/>\nLes activit\u00e9s \u00e9conomiques \u00e0 domicile ne sont donc pas interdites, y compris la coiffure \u00e0 domicile. Elles doivent toutefois respecter les mesures \u00ab\u00a0barri\u00e8re\u00a0\u00bb.<\/p>\n<p style=\"text-align: justify;\">Dans le cas particulier de la coiffure \u00e0 domicile, le respect de la distanciation sociale parait compromis.<\/p>\n<p style=\"text-align: justify;\">Les activit\u00e9s de coiffure \u00e0 domicile sont donc juridiquement autoris\u00e9es, mais NE DOIVENT PAS \u00caTRE ENCOURAG\u00c9ES au regard des difficult\u00e9s qu&rsquo;elles posent \u00e0 faire respecter les gestes \u00ab\u00a0barri\u00e8re\u00a0\u00bb et particuli\u00e8rement la distanciation sociale (1m). \u00bb<\/p>\n<p style=\"text-align: justify;\">Ce qui prime, c\u2019est de pr\u00e9server la sant\u00e9 de chacun. Prudence, prudence et prudence.<\/p>\n<p style=\"text-align: justify;\">NB : pour tout professionnel se posant des questions, je vous invite \u00e0 contacter la pr\u00e9fecture au mail suivant :<br \/>\npref-covid19@meurthe-et-moselle.gouv.fr<\/p>\n<\/div>\n","protected":false},"excerpt":{"rendered":"<p>(Publication mise \u00e0 jour le 6 avril 2020 \u00e0 la suite des pr\u00e9cisions obtenues du pr\u00e9fet puisque je n\u2019avais pas la m\u00eame interpr\u00e9tation que lui voir ci dessous) Samedi 4 avril, plusieurs personnes m\u2019ont demand\u00e9 si la coiffure \u00e0 domicile \u00e9tait autoris\u00e9e. Pensant que c\u2019\u00e9tait interdit d\u2019apr\u00e8s ce que j\u2019avais lu, je leur ai r\u00e9pondu&hellip; <br \/> <a class=\"button small blue\" href=\"https:\/\/thibaultbazin.fr\/index.php\/2020\/04\/04\/la-coiffure-a-domicile-serait-autorisee-mais-fortement-deconseillee\/\">Lire la suite<\/a><\/p>\n","protected":false},"author":2,"featured_media":0,"comment_status":"open","ping_status":"open","sticky":false,"template":"","format":"standard","meta":[],"categories":[1],"tags":[593],"amp_enabled":true,"_links":{"self":[{"href":"https:\/\/thibaultbazin.fr\/index.php\/wp-json\/wp\/v2\/posts\/8425"}],"collection":[{"href":"https:\/\/thibaultbazin.fr\/index.php\/wp-json\/wp\/v2\/posts"}],"about":[{"href":"https:\/\/thibaultbazin.fr\/index.php\/wp-json\/wp\/v2\/types\/post"}],"author":[{"embeddable":true,"href":"https:\/\/thibaultbazin.fr\/index.php\/wp-json\/wp\/v2\/users\/2"}],"replies":[{"embeddable":true,"href":"https:\/\/thibaultbazin.fr\/index.php\/wp-json\/wp\/v2\/comments?post=8425"}],"version-history":[{"count":1,"href":"https:\/\/thibaultbazin.fr\/index.php\/wp-json\/wp\/v2\/posts\/8425\/revisions"}],"predecessor-version":[{"id":8426,"href":"https:\/\/thibaultbazin.fr\/index.php\/wp-json\/wp\/v2\/posts\/8425\/revisions\/8426"}],"wp:attachment":[{"href":"https:\/\/thibaultbazin.fr\/index.php\/wp-json\/wp\/v2\/media?parent=8425"}],"wp:term":[{"taxonomy":"category","embeddable":true,"href":"https:\/\/thibaultbazin.fr\/index.php\/wp-json\/wp\/v2\/categories?post=8425"},{"taxonomy":"post_tag","embeddable":true,"href":"https:\/\/thibaultbazin.fr\/index.php\/wp-json\/wp\/v2\/tags?post=8425"}],"curies":[{"name":"wp","href":"https:\/\/api.w.org\/{rel}","templated":true}]}}